{"id":3097,"date":"2026-04-27T22:28:10","date_gmt":"2026-04-27T22:28:10","guid":{"rendered":"https:\/\/ensy.edu.mx\/?p=3097"},"modified":"2026-04-27T22:28:10","modified_gmt":"2026-04-27T22:28:10","slug":"alumns-representaran-a-yucatan-en-la-xxvi-olimpiada-nacional-de-matematicas","status":"publish","type":"post","link":"https:\/\/ensy.edu.mx\/index.php\/2026\/04\/27\/alumns-representaran-a-yucatan-en-la-xxvi-olimpiada-nacional-de-matematicas\/","title":{"rendered":"Alumn@s representar\u00e1n a Yucat\u00e1n en la XXVI Olimpiada Nacional de Matem\u00e1ticas"},"content":{"rendered":"\n<p>S\u00e1bado 25 de abril. Tuve el gusto de atender en nuestra Escuela a una parte de los alumnos y alumnas que representar\u00e1n a Yucat\u00e1n en la XXVI Olimpiada Nacional de Matem\u00e1ticas para estudiantes de primaria, secundaria y bachillerato, magno certamen que tiene el auspicio de la Asociaci\u00f3n Nal. de Profesores de Matem\u00e1ticas y se realizar\u00e1 los primeros d\u00edas de mayo en Guadalajara, Jal. Tuvieron el acompa\u00f1amento de los acad\u00e9micos Mtro. <a href=\"https:\/\/www.facebook.com\/EFYES?__cft__[0]=AZbEJRqz42KqGFXIOCPmEOsFGblV1Z16-ZRkU7uXo37uvEP2biPhFq00Ftp86hvsy1f-RsV71U60G6XqgSGhpSta6Z5fDgvOsLw8eIJWuOhi2PAcY3_EIkLp_wW4R6jC-aI&amp;__tn__=-]K-R\">Esteban Agustin Nabor Ravell May<\/a> y Dr. <a href=\"https:\/\/www.facebook.com\/jose.rejon.35?__cft__[0]=AZbEJRqz42KqGFXIOCPmEOsFGblV1Z16-ZRkU7uXo37uvEP2biPhFq00Ftp86hvsy1f-RsV71U60G6XqgSGhpSta6Z5fDgvOsLw8eIJWuOhi2PAcY3_EIkLp_wW4R6jC-aI&amp;__tn__=-]K-R\">Jos\u00e9 Rej\u00f3n<\/a>. Les deseamos muchos \u00e9xitos a estos talentos de la Pen\u00ednsula.<\/p>\n\n\n\n<p>ENSY: \u00abAprendiendo hoy para ense\u00f1ar ma\u00f1ana.\u00bb<\/p>\n\n\n\n<figure class=\"wp-block-image size-large\"><img loading=\"lazy\" decoding=\"async\" width=\"1024\" height=\"587\" src=\"https:\/\/ensy.edu.mx\/wp-content\/uploads\/2026\/04\/image-45-1024x587.png\" alt=\"\" class=\"wp-image-3098\" srcset=\"https:\/\/ensy.edu.mx\/wp-content\/uploads\/2026\/04\/image-45-1024x587.png 1024w, https:\/\/ensy.edu.mx\/wp-content\/uploads\/2026\/04\/image-45-300x172.png 300w, https:\/\/ensy.edu.mx\/wp-content\/uploads\/2026\/04\/image-45-768x440.png 768w, https:\/\/ensy.edu.mx\/wp-content\/uploads\/2026\/04\/image-45-1536x880.png 1536w, https:\/\/ensy.edu.mx\/wp-content\/uploads\/2026\/04\/image-45.png 2048w\" sizes=\"auto, (max-width: 1024px) 100vw, 1024px\" \/><\/figure>\n\n\n\n<figure class=\"wp-block-image size-large\"><img loading=\"lazy\" decoding=\"async\" width=\"1024\" height=\"526\" src=\"https:\/\/ensy.edu.mx\/wp-content\/uploads\/2026\/04\/image-46-1024x526.png\" alt=\"\" class=\"wp-image-3099\" srcset=\"https:\/\/ensy.edu.mx\/wp-content\/uploads\/2026\/04\/image-46-1024x526.png 1024w, https:\/\/ensy.edu.mx\/wp-content\/uploads\/2026\/04\/image-46-300x154.png 300w, https:\/\/ensy.edu.mx\/wp-content\/uploads\/2026\/04\/image-46-768x395.png 768w, https:\/\/ensy.edu.mx\/wp-content\/uploads\/2026\/04\/image-46-1536x789.png 1536w, https:\/\/ensy.edu.mx\/wp-content\/uploads\/2026\/04\/image-46.png 2048w\" sizes=\"auto, (max-width: 1024px) 100vw, 1024px\" \/><\/figure>\n\n\n\n<figure class=\"wp-block-image size-large\"><img loading=\"lazy\" decoding=\"async\" width=\"1024\" height=\"577\" src=\"https:\/\/ensy.edu.mx\/wp-content\/uploads\/2026\/04\/image-47-1024x577.png\" alt=\"\" class=\"wp-image-3100\" srcset=\"https:\/\/ensy.edu.mx\/wp-content\/uploads\/2026\/04\/image-47-1024x577.png 1024w, https:\/\/ensy.edu.mx\/wp-content\/uploads\/2026\/04\/image-47-300x169.png 300w, https:\/\/ensy.edu.mx\/wp-content\/uploads\/2026\/04\/image-47-768x433.png 768w, https:\/\/ensy.edu.mx\/wp-content\/uploads\/2026\/04\/image-47-1536x866.png 1536w, https:\/\/ensy.edu.mx\/wp-content\/uploads\/2026\/04\/image-47.png 1798w\" sizes=\"auto, (max-width: 1024px) 100vw, 1024px\" \/><\/figure>\n","protected":false},"excerpt":{"rendered":"<p>S\u00e1bado 25 de abril. Tuve el gusto de atender en nuestra Escuela a una parte de los alumnos y alumnas que representar\u00e1n a Yucat\u00e1n en la XXVI Olimpiada Nacional de Matem\u00e1ticas para estudiantes de primaria, secundaria y bachillerato, magno certamen que tiene el auspicio de &hellip; <\/p>\n","protected":false},"author":1,"featured_media":0,"comment_status":"open","ping_status":"open","sticky":false,"template":"","format":"standard","meta":{"footnotes":""},"categories":[1],"tags":[],"class_list":["post-3097","post","type-post","status-publish","format-standard","hentry","category-uncategorized"],"_links":{"self":[{"href":"https:\/\/ensy.edu.mx\/index.php\/wp-json\/wp\/v2\/posts\/3097","targetHints":{"allow":["GET"]}}],"collection":[{"href":"https:\/\/ensy.edu.mx\/index.php\/wp-json\/wp\/v2\/posts"}],"about":[{"href":"https:\/\/ensy.edu.mx\/index.php\/wp-json\/wp\/v2\/types\/post"}],"author":[{"embeddable":true,"href":"https:\/\/ensy.edu.mx\/index.php\/wp-json\/wp\/v2\/users\/1"}],"replies":[{"embeddable":true,"href":"https:\/\/ensy.edu.mx\/index.php\/wp-json\/wp\/v2\/comments?post=3097"}],"version-history":[{"count":1,"href":"https:\/\/ensy.edu.mx\/index.php\/wp-json\/wp\/v2\/posts\/3097\/revisions"}],"predecessor-version":[{"id":3101,"href":"https:\/\/ensy.edu.mx\/index.php\/wp-json\/wp\/v2\/posts\/3097\/revisions\/3101"}],"wp:attachment":[{"href":"https:\/\/ensy.edu.mx\/index.php\/wp-json\/wp\/v2\/media?parent=3097"}],"wp:term":[{"taxonomy":"category","embeddable":true,"href":"https:\/\/ensy.edu.mx\/index.php\/wp-json\/wp\/v2\/categories?post=3097"},{"taxonomy":"post_tag","embeddable":true,"href":"https:\/\/ensy.edu.mx\/index.php\/wp-json\/wp\/v2\/tags?post=3097"}],"curies":[{"name":"wp","href":"https:\/\/api.w.org\/{rel}","templated":true}]}}