{"id":3078,"date":"2026-04-22T23:11:31","date_gmt":"2026-04-22T23:11:31","guid":{"rendered":"https:\/\/ensy.edu.mx\/?p=3078"},"modified":"2026-04-22T23:11:32","modified_gmt":"2026-04-22T23:11:32","slug":"estudiantes-de-la-licenciatura-en-inclusion-educativa-asisten-al-simposio-regional-sobre-autismo","status":"publish","type":"post","link":"https:\/\/ensy.edu.mx\/index.php\/2026\/04\/22\/estudiantes-de-la-licenciatura-en-inclusion-educativa-asisten-al-simposio-regional-sobre-autismo\/","title":{"rendered":"Estudiantes de la Licenciatura en Inclusi\u00f3n Educativa asisten al Simposio Regional sobre Autismo"},"content":{"rendered":"\n<p>Martes 21 de abril. La Escuela Normal Superior de Yucat\u00e1n, siempre presente en los espacios importantes de la deliberaci\u00f3n p\u00fablica educativa. Estudiantes de la Licenciatura en Inclusi\u00f3n Educativa asisten al Simposio Regional sobre Autismo en el auditorio de El Olimpo. Enhorabuena.<\/p>\n\n\n\n<p>ENSY: \u00abAprendiendo hoy para ense\u00f1ar ma\u00f1ana.\u00bb<\/p>\n\n\n\n<figure class=\"wp-block-image size-large\"><img loading=\"lazy\" decoding=\"async\" width=\"1024\" height=\"621\" src=\"https:\/\/ensy.edu.mx\/wp-content\/uploads\/2026\/04\/image-34-1024x621.png\" alt=\"\" class=\"wp-image-3079\" srcset=\"https:\/\/ensy.edu.mx\/wp-content\/uploads\/2026\/04\/image-34-1024x621.png 1024w, https:\/\/ensy.edu.mx\/wp-content\/uploads\/2026\/04\/image-34-300x182.png 300w, https:\/\/ensy.edu.mx\/wp-content\/uploads\/2026\/04\/image-34-768x466.png 768w, https:\/\/ensy.edu.mx\/wp-content\/uploads\/2026\/04\/image-34.png 1324w\" sizes=\"auto, (max-width: 1024px) 100vw, 1024px\" \/><\/figure>\n\n\n\n<figure class=\"wp-block-image size-full\"><img loading=\"lazy\" decoding=\"async\" width=\"959\" height=\"552\" src=\"https:\/\/ensy.edu.mx\/wp-content\/uploads\/2026\/04\/image-35.png\" alt=\"\" class=\"wp-image-3080\" srcset=\"https:\/\/ensy.edu.mx\/wp-content\/uploads\/2026\/04\/image-35.png 959w, https:\/\/ensy.edu.mx\/wp-content\/uploads\/2026\/04\/image-35-300x173.png 300w, https:\/\/ensy.edu.mx\/wp-content\/uploads\/2026\/04\/image-35-768x442.png 768w\" sizes=\"auto, (max-width: 959px) 100vw, 959px\" \/><\/figure>\n\n\n\n<p><\/p>\n","protected":false},"excerpt":{"rendered":"<p>Martes 21 de abril. La Escuela Normal Superior de Yucat\u00e1n, siempre presente en los espacios importantes de la deliberaci\u00f3n p\u00fablica educativa. Estudiantes de la Licenciatura en Inclusi\u00f3n Educativa asisten al Simposio Regional sobre Autismo en el auditorio de El Olimpo. Enhorabuena. ENSY: \u00abAprendiendo hoy para &hellip; <\/p>\n","protected":false},"author":1,"featured_media":0,"comment_status":"open","ping_status":"open","sticky":false,"template":"","format":"standard","meta":{"footnotes":""},"categories":[1],"tags":[],"class_list":["post-3078","post","type-post","status-publish","format-standard","hentry","category-uncategorized"],"_links":{"self":[{"href":"https:\/\/ensy.edu.mx\/index.php\/wp-json\/wp\/v2\/posts\/3078","targetHints":{"allow":["GET"]}}],"collection":[{"href":"https:\/\/ensy.edu.mx\/index.php\/wp-json\/wp\/v2\/posts"}],"about":[{"href":"https:\/\/ensy.edu.mx\/index.php\/wp-json\/wp\/v2\/types\/post"}],"author":[{"embeddable":true,"href":"https:\/\/ensy.edu.mx\/index.php\/wp-json\/wp\/v2\/users\/1"}],"replies":[{"embeddable":true,"href":"https:\/\/ensy.edu.mx\/index.php\/wp-json\/wp\/v2\/comments?post=3078"}],"version-history":[{"count":1,"href":"https:\/\/ensy.edu.mx\/index.php\/wp-json\/wp\/v2\/posts\/3078\/revisions"}],"predecessor-version":[{"id":3081,"href":"https:\/\/ensy.edu.mx\/index.php\/wp-json\/wp\/v2\/posts\/3078\/revisions\/3081"}],"wp:attachment":[{"href":"https:\/\/ensy.edu.mx\/index.php\/wp-json\/wp\/v2\/media?parent=3078"}],"wp:term":[{"taxonomy":"category","embeddable":true,"href":"https:\/\/ensy.edu.mx\/index.php\/wp-json\/wp\/v2\/categories?post=3078"},{"taxonomy":"post_tag","embeddable":true,"href":"https:\/\/ensy.edu.mx\/index.php\/wp-json\/wp\/v2\/tags?post=3078"}],"curies":[{"name":"wp","href":"https:\/\/api.w.org\/{rel}","templated":true}]}}