{"id":2855,"date":"2026-03-17T17:41:13","date_gmt":"2026-03-17T17:41:13","guid":{"rendered":"https:\/\/ensy.edu.mx\/?p=2855"},"modified":"2026-03-17T17:41:14","modified_gmt":"2026-03-17T17:41:14","slug":"jornada-intensa-y-fecunda-en-la-escuela-normal-superior-de-yucatan","status":"publish","type":"post","link":"https:\/\/ensy.edu.mx\/index.php\/2026\/03\/17\/jornada-intensa-y-fecunda-en-la-escuela-normal-superior-de-yucatan\/","title":{"rendered":"Jornada intensa y fecunda en la Escuela Normal Superior de Yucat\u00e1n."},"content":{"rendered":"\n<p>Viernes 13 de marzo. Jornada intensa y fecunda en la Escuela Normal Superior de Yucat\u00e1n. 1) Fue un gusto ser anfitriones del Concurso de Canto del Depto. de Escuelas Secundarias T\u00e9cnicas, y recibir a su jefe el Mtro. <a href=\"https:\/\/www.facebook.com\/profile.php?id=61580027574749&amp;__cft__[0]=AZYOASwwRskcYMwN9gnh7WsB9XRjsj73gbh4_Yz0T8eLZwF4BxViqdDXUR8fhoqboX2FFaSWqwAX3YPjh8F4V9KA4kwwlk7gK6CB_VQj-cWkc_XfEN_oinBbMaU6mkDcabw&amp;__tn__=-]K-R\">Ren\u00e9 Alem\u00e1n<\/a>, a los y las j\u00f3venes participantes, a los 3 finalistas y al H. Jurado Calificador. 2) Tambi\u00e9n recib\u00ed la visita del Mtro. Jos\u00e9 Luis Rosado, quien me obsequi\u00f3 un libro sobre la historia de la Federaci\u00f3n Estudiantil Yucateca, organizaci\u00f3n de la que fue Presidente en 1974. 3) Con motivo de celebrarse el D\u00eda Internacional de las Matem\u00e1ticas (14 de marzo), la Academia y los y las estudiantes de esta Especialidad realizaron una jornada did\u00e1ctica dedicada a la constante Pi. (3.1416&#8230; hasta el infinito). Gracias a los y las discentes aprend\u00ed que la secuencia de mi fecha de nacimiento (070255) aparece en la posici\u00f3n 611,957 de esta sucesi\u00f3n infinita de las fracciones de Pi. Las secuencias de nacimientos de mi hijo <a href=\"https:\/\/www.facebook.com\/mijail.espadas?__cft__[0]=AZYOASwwRskcYMwN9gnh7WsB9XRjsj73gbh4_Yz0T8eLZwF4BxViqdDXUR8fhoqboX2FFaSWqwAX3YPjh8F4V9KA4kwwlk7gK6CB_VQj-cWkc_XfEN_oinBbMaU6mkDcabw&amp;__tn__=-]K-R\">Mijail Espadas Pech<\/a> (170682) y de mi hija <a href=\"https:\/\/www.facebook.com\/nictehae?__cft__[0]=AZYOASwwRskcYMwN9gnh7WsB9XRjsj73gbh4_Yz0T8eLZwF4BxViqdDXUR8fhoqboX2FFaSWqwAX3YPjh8F4V9KA4kwwlk7gK6CB_VQj-cWkc_XfEN_oinBbMaU6mkDcabw&amp;__tn__=-]K-R\">Nicte Espadas Pech<\/a> (081084) aparecen en las posiciones 668,962 y 2&#8217;728,939, respectivamente. Gratas sorpresas te da la vida. Enhorabuena, Mtro. <a href=\"https:\/\/www.facebook.com\/robe.cardozo?__cft__[0]=AZYOASwwRskcYMwN9gnh7WsB9XRjsj73gbh4_Yz0T8eLZwF4BxViqdDXUR8fhoqboX2FFaSWqwAX3YPjh8F4V9KA4kwwlk7gK6CB_VQj-cWkc_XfEN_oinBbMaU6mkDcabw&amp;__tn__=-]K-R\">Roberto Cardozo Peraza<\/a>, <a href=\"https:\/\/www.facebook.com\/ben.zapataaguilar?__cft__[0]=AZYOASwwRskcYMwN9gnh7WsB9XRjsj73gbh4_Yz0T8eLZwF4BxViqdDXUR8fhoqboX2FFaSWqwAX3YPjh8F4V9KA4kwwlk7gK6CB_VQj-cWkc_XfEN_oinBbMaU6mkDcabw&amp;__tn__=-]K-R\">Ben Zapata Agr<\/a> y dem\u00e1s docentes de la Academia.<\/p>\n\n\n\n<p>ENSY: \u00bb Aprendiendo hoy para ense\u00f1ar ma\u00f1ana.\u00bb<\/p>\n\n\n\n<figure class=\"wp-block-image size-large\"><img loading=\"lazy\" decoding=\"async\" width=\"1024\" height=\"543\" src=\"https:\/\/ensy.edu.mx\/wp-content\/uploads\/2026\/03\/image-30-1024x543.png\" alt=\"\" class=\"wp-image-2856\" srcset=\"https:\/\/ensy.edu.mx\/wp-content\/uploads\/2026\/03\/image-30-1024x543.png 1024w, https:\/\/ensy.edu.mx\/wp-content\/uploads\/2026\/03\/image-30-300x159.png 300w, https:\/\/ensy.edu.mx\/wp-content\/uploads\/2026\/03\/image-30-768x407.png 768w, https:\/\/ensy.edu.mx\/wp-content\/uploads\/2026\/03\/image-30-1536x815.png 1536w, https:\/\/ensy.edu.mx\/wp-content\/uploads\/2026\/03\/image-30.png 2048w\" sizes=\"auto, (max-width: 1024px) 100vw, 1024px\" \/><\/figure>\n\n\n\n<figure class=\"wp-block-image size-large\"><img loading=\"lazy\" decoding=\"async\" width=\"1024\" height=\"919\" src=\"https:\/\/ensy.edu.mx\/wp-content\/uploads\/2026\/03\/image-31-1024x919.png\" alt=\"\" class=\"wp-image-2857\" srcset=\"https:\/\/ensy.edu.mx\/wp-content\/uploads\/2026\/03\/image-31-1024x919.png 1024w, https:\/\/ensy.edu.mx\/wp-content\/uploads\/2026\/03\/image-31-300x269.png 300w, https:\/\/ensy.edu.mx\/wp-content\/uploads\/2026\/03\/image-31-768x689.png 768w, https:\/\/ensy.edu.mx\/wp-content\/uploads\/2026\/03\/image-31-1536x1379.png 1536w, https:\/\/ensy.edu.mx\/wp-content\/uploads\/2026\/03\/image-31.png 2048w\" sizes=\"auto, (max-width: 1024px) 100vw, 1024px\" \/><\/figure>\n\n\n\n<figure class=\"wp-block-image size-large\"><img loading=\"lazy\" decoding=\"async\" width=\"615\" height=\"1024\" src=\"https:\/\/ensy.edu.mx\/wp-content\/uploads\/2026\/03\/image-32-615x1024.png\" alt=\"\" class=\"wp-image-2858\" srcset=\"https:\/\/ensy.edu.mx\/wp-content\/uploads\/2026\/03\/image-32-615x1024.png 615w, https:\/\/ensy.edu.mx\/wp-content\/uploads\/2026\/03\/image-32-180x300.png 180w, https:\/\/ensy.edu.mx\/wp-content\/uploads\/2026\/03\/image-32-768x1280.png 768w, https:\/\/ensy.edu.mx\/wp-content\/uploads\/2026\/03\/image-32-922x1536.png 922w, https:\/\/ensy.edu.mx\/wp-content\/uploads\/2026\/03\/image-32.png 1229w\" sizes=\"auto, (max-width: 615px) 100vw, 615px\" \/><\/figure>\n\n\n\n<figure class=\"wp-block-image size-large\"><img loading=\"lazy\" decoding=\"async\" width=\"1024\" height=\"594\" src=\"https:\/\/ensy.edu.mx\/wp-content\/uploads\/2026\/03\/image-33-1024x594.png\" alt=\"\" class=\"wp-image-2859\" srcset=\"https:\/\/ensy.edu.mx\/wp-content\/uploads\/2026\/03\/image-33-1024x594.png 1024w, https:\/\/ensy.edu.mx\/wp-content\/uploads\/2026\/03\/image-33-300x174.png 300w, https:\/\/ensy.edu.mx\/wp-content\/uploads\/2026\/03\/image-33-768x446.png 768w, https:\/\/ensy.edu.mx\/wp-content\/uploads\/2026\/03\/image-33-1536x891.png 1536w, https:\/\/ensy.edu.mx\/wp-content\/uploads\/2026\/03\/image-33.png 2048w\" sizes=\"auto, (max-width: 1024px) 100vw, 1024px\" \/><\/figure>\n","protected":false},"excerpt":{"rendered":"<p>Viernes 13 de marzo. Jornada intensa y fecunda en la Escuela Normal Superior de Yucat\u00e1n. 1) Fue un gusto ser anfitriones del Concurso de Canto del Depto. de Escuelas Secundarias T\u00e9cnicas, y recibir a su jefe el Mtro. Ren\u00e9 Alem\u00e1n, a los y las j\u00f3venes &hellip; <\/p>\n","protected":false},"author":1,"featured_media":0,"comment_status":"open","ping_status":"open","sticky":false,"template":"","format":"standard","meta":{"footnotes":""},"categories":[1],"tags":[],"class_list":["post-2855","post","type-post","status-publish","format-standard","hentry","category-uncategorized"],"_links":{"self":[{"href":"https:\/\/ensy.edu.mx\/index.php\/wp-json\/wp\/v2\/posts\/2855","targetHints":{"allow":["GET"]}}],"collection":[{"href":"https:\/\/ensy.edu.mx\/index.php\/wp-json\/wp\/v2\/posts"}],"about":[{"href":"https:\/\/ensy.edu.mx\/index.php\/wp-json\/wp\/v2\/types\/post"}],"author":[{"embeddable":true,"href":"https:\/\/ensy.edu.mx\/index.php\/wp-json\/wp\/v2\/users\/1"}],"replies":[{"embeddable":true,"href":"https:\/\/ensy.edu.mx\/index.php\/wp-json\/wp\/v2\/comments?post=2855"}],"version-history":[{"count":1,"href":"https:\/\/ensy.edu.mx\/index.php\/wp-json\/wp\/v2\/posts\/2855\/revisions"}],"predecessor-version":[{"id":2860,"href":"https:\/\/ensy.edu.mx\/index.php\/wp-json\/wp\/v2\/posts\/2855\/revisions\/2860"}],"wp:attachment":[{"href":"https:\/\/ensy.edu.mx\/index.php\/wp-json\/wp\/v2\/media?parent=2855"}],"wp:term":[{"taxonomy":"category","embeddable":true,"href":"https:\/\/ensy.edu.mx\/index.php\/wp-json\/wp\/v2\/categories?post=2855"},{"taxonomy":"post_tag","embeddable":true,"href":"https:\/\/ensy.edu.mx\/index.php\/wp-json\/wp\/v2\/tags?post=2855"}],"curies":[{"name":"wp","href":"https:\/\/api.w.org\/{rel}","templated":true}]}}