{"id":2841,"date":"2026-03-12T21:28:40","date_gmt":"2026-03-12T21:28:40","guid":{"rendered":"https:\/\/ensy.edu.mx\/?p=2841"},"modified":"2026-03-12T21:28:40","modified_gmt":"2026-03-12T21:28:40","slug":"viajan-a-congreso-internacional-90-anos-de-la-esef","status":"publish","type":"post","link":"https:\/\/ensy.edu.mx\/index.php\/2026\/03\/12\/viajan-a-congreso-internacional-90-anos-de-la-esef\/","title":{"rendered":"Viajan a Congreso Internacional \u00ab90 a\u00f1os de la ESEF.\u00bb"},"content":{"rendered":"\n<p>11 de marzo. Fue un gusto atender a las y los docentes adscritos a la Licenciatura en Educaci\u00f3n F\u00edsica de la Escuela Normal Superior de Yucat\u00e1n: Dr. Jeovany Canch\u00e9 Canch\u00e9, Mtros. Alberto Brice\u00f1o S\u00e1nchez (Coordinador), Alberto Morales Garrido, <a href=\"https:\/\/www.facebook.com\/fishxtreme?__cft__[0]=AZb_uVlOnLiV-uJkqVxbsTi8t5bny2QCvL-oaE1p-IgHfzKTg6PeAMLQ359nrY-Rw8k8SdAYHDRz3T7JoM8hxPoRuzJrKSmRktfBcFPTIzaGu9sUYllzCLk3nvF60pOTSVU&amp;__tn__=-]K-R\">Alberto Brice\u00f1o Gasca<\/a>, Andrea P\u00e9rez Mayo y Yesenia Lozano Coll\u00ed. Todos viajar\u00e1n a CdMx para asistir al Congreso Internacional \u00ab90 a\u00f1os de la ESEF.\u00bb Enhorabuena.<\/p>\n\n\n\n<p>ENSY: \u00abAprendiendo hoy para ense\u00f1ar ma\u00f1ana.\u00bb<\/p>\n\n\n\n<figure class=\"wp-block-image size-large\"><img loading=\"lazy\" decoding=\"async\" width=\"1024\" height=\"640\" src=\"https:\/\/ensy.edu.mx\/wp-content\/uploads\/2026\/03\/image-26-1024x640.png\" alt=\"\" class=\"wp-image-2842\" srcset=\"https:\/\/ensy.edu.mx\/wp-content\/uploads\/2026\/03\/image-26-1024x640.png 1024w, https:\/\/ensy.edu.mx\/wp-content\/uploads\/2026\/03\/image-26-300x187.png 300w, https:\/\/ensy.edu.mx\/wp-content\/uploads\/2026\/03\/image-26-768x480.png 768w, https:\/\/ensy.edu.mx\/wp-content\/uploads\/2026\/03\/image-26.png 1517w\" sizes=\"auto, (max-width: 1024px) 100vw, 1024px\" \/><\/figure>\n","protected":false},"excerpt":{"rendered":"<p>11 de marzo. Fue un gusto atender a las y los docentes adscritos a la Licenciatura en Educaci\u00f3n F\u00edsica de la Escuela Normal Superior de Yucat\u00e1n: Dr. Jeovany Canch\u00e9 Canch\u00e9, Mtros. Alberto Brice\u00f1o S\u00e1nchez (Coordinador), Alberto Morales Garrido, Alberto Brice\u00f1o Gasca, Andrea P\u00e9rez Mayo y &hellip; <\/p>\n","protected":false},"author":1,"featured_media":0,"comment_status":"open","ping_status":"open","sticky":false,"template":"","format":"standard","meta":{"footnotes":""},"categories":[1],"tags":[],"class_list":["post-2841","post","type-post","status-publish","format-standard","hentry","category-uncategorized"],"_links":{"self":[{"href":"https:\/\/ensy.edu.mx\/index.php\/wp-json\/wp\/v2\/posts\/2841","targetHints":{"allow":["GET"]}}],"collection":[{"href":"https:\/\/ensy.edu.mx\/index.php\/wp-json\/wp\/v2\/posts"}],"about":[{"href":"https:\/\/ensy.edu.mx\/index.php\/wp-json\/wp\/v2\/types\/post"}],"author":[{"embeddable":true,"href":"https:\/\/ensy.edu.mx\/index.php\/wp-json\/wp\/v2\/users\/1"}],"replies":[{"embeddable":true,"href":"https:\/\/ensy.edu.mx\/index.php\/wp-json\/wp\/v2\/comments?post=2841"}],"version-history":[{"count":1,"href":"https:\/\/ensy.edu.mx\/index.php\/wp-json\/wp\/v2\/posts\/2841\/revisions"}],"predecessor-version":[{"id":2843,"href":"https:\/\/ensy.edu.mx\/index.php\/wp-json\/wp\/v2\/posts\/2841\/revisions\/2843"}],"wp:attachment":[{"href":"https:\/\/ensy.edu.mx\/index.php\/wp-json\/wp\/v2\/media?parent=2841"}],"wp:term":[{"taxonomy":"category","embeddable":true,"href":"https:\/\/ensy.edu.mx\/index.php\/wp-json\/wp\/v2\/categories?post=2841"},{"taxonomy":"post_tag","embeddable":true,"href":"https:\/\/ensy.edu.mx\/index.php\/wp-json\/wp\/v2\/tags?post=2841"}],"curies":[{"name":"wp","href":"https:\/\/api.w.org\/{rel}","templated":true}]}}