{"id":2830,"date":"2026-03-05T22:55:12","date_gmt":"2026-03-05T22:55:12","guid":{"rendered":"https:\/\/ensy.edu.mx\/?p=2830"},"modified":"2026-03-05T22:55:13","modified_gmt":"2026-03-05T22:55:13","slug":"inauguracion-de-la-feria-de-posgrados-2026","status":"publish","type":"post","link":"https:\/\/ensy.edu.mx\/index.php\/2026\/03\/05\/inauguracion-de-la-feria-de-posgrados-2026\/","title":{"rendered":"Inauguraci\u00f3n de la Feria de Posgrados 2026"},"content":{"rendered":"\n<p>3 de marzo. Complejo Siglo XXI. Fue un gusto acompa\u00f1ar al gobernador <a href=\"https:\/\/www.facebook.com\/huachodiazmena?__cft__[0]=AZbkM4ZgB7rzl0UPBt_JlmzsoBM4xmkMARkK7US-ECQTa2G8J6Kdrm-LBGlPIhzXroX7eUZKZa5oUer-7nqELekmjsXxNmKnVzYYpMcIyfpqOIS7Pq60td5efT_6o8VNr14&amp;__tn__=-]K-R\">Huacho D\u00edaz Mena<\/a> y a la Dra. <a href=\"https:\/\/www.facebook.com\/mirnaalejandra.manzanillaromero?__cft__[0]=AZbkM4ZgB7rzl0UPBt_JlmzsoBM4xmkMARkK7US-ECQTa2G8J6Kdrm-LBGlPIhzXroX7eUZKZa5oUer-7nqELekmjsXxNmKnVzYYpMcIyfpqOIS7Pq60td5efT_6o8VNr14&amp;__tn__=-]K-R\">Mirna Alejandra Manzanilla Romero<\/a>, Titular de la SECIHTI, en la inauguraci\u00f3n de la Feria de Posgrados 2026. Tanto el Titular del Ejecutivo como la Secretaria enfatizaron que la investigaci\u00f3n y la innovaci\u00f3n tecnol\u00f3gica son pilares para el desarrollo socioecon\u00f4mico del Estado.<\/p>\n\n\n\n<p>La Escuela Normal Superior de Yucat\u00e1n estuvo presente con su oferta de 7 Programas de excelencia. Agradecemos la valiosa colaboraci\u00f3n del Mtro. <a href=\"https:\/\/www.facebook.com\/carlos.cetina1?__cft__[0]=AZbkM4ZgB7rzl0UPBt_JlmzsoBM4xmkMARkK7US-ECQTa2G8J6Kdrm-LBGlPIhzXroX7eUZKZa5oUer-7nqELekmjsXxNmKnVzYYpMcIyfpqOIS7Pq60td5efT_6o8VNr14&amp;__tn__=-]K-R\">Carlos Cetina Salazar<\/a>, Coordinador del Posgrado, y el apoyo de la compa\u00f1era Delta Mata en la atenci\u00f3n al p\u00fablico. Nos acompa\u00f1\u00f3 el Mtro. <a href=\"https:\/\/www.facebook.com\/negretequijano?__cft__[0]=AZbkM4ZgB7rzl0UPBt_JlmzsoBM4xmkMARkK7US-ECQTa2G8J6Kdrm-LBGlPIhzXroX7eUZKZa5oUer-7nqELekmjsXxNmKnVzYYpMcIyfpqOIS7Pq60td5efT_6o8VNr14&amp;__tn__=-]K-R\">Manuel Negrete Quijano<\/a>, Subdirector Acad\u00e9mico. Enhorabuena.<\/p>\n\n\n\n<p>ENSY: \u00abAprendiendo hoy para ense\u00f1ar ma\u00f1ana.\u00bb<\/p>\n\n\n\n<figure class=\"wp-block-image size-full\"><img loading=\"lazy\" decoding=\"async\" width=\"590\" height=\"350\" src=\"https:\/\/ensy.edu.mx\/wp-content\/uploads\/2026\/03\/image-21.png\" alt=\"\" class=\"wp-image-2831\" srcset=\"https:\/\/ensy.edu.mx\/wp-content\/uploads\/2026\/03\/image-21.png 590w, https:\/\/ensy.edu.mx\/wp-content\/uploads\/2026\/03\/image-21-300x178.png 300w\" sizes=\"auto, (max-width: 590px) 100vw, 590px\" \/><\/figure>\n\n\n\n<figure class=\"wp-block-image size-large\"><img loading=\"lazy\" decoding=\"async\" width=\"1024\" height=\"875\" src=\"https:\/\/ensy.edu.mx\/wp-content\/uploads\/2026\/03\/image-22-1024x875.png\" alt=\"\" class=\"wp-image-2832\" srcset=\"https:\/\/ensy.edu.mx\/wp-content\/uploads\/2026\/03\/image-22-1024x875.png 1024w, https:\/\/ensy.edu.mx\/wp-content\/uploads\/2026\/03\/image-22-300x256.png 300w, https:\/\/ensy.edu.mx\/wp-content\/uploads\/2026\/03\/image-22-768x656.png 768w, https:\/\/ensy.edu.mx\/wp-content\/uploads\/2026\/03\/image-22.png 1320w\" sizes=\"auto, (max-width: 1024px) 100vw, 1024px\" \/><\/figure>\n\n\n\n<figure class=\"wp-block-image size-large\"><img loading=\"lazy\" decoding=\"async\" width=\"1024\" height=\"768\" src=\"https:\/\/ensy.edu.mx\/wp-content\/uploads\/2026\/03\/image-23-1024x768.png\" alt=\"\" class=\"wp-image-2833\" srcset=\"https:\/\/ensy.edu.mx\/wp-content\/uploads\/2026\/03\/image-23-1024x768.png 1024w, https:\/\/ensy.edu.mx\/wp-content\/uploads\/2026\/03\/image-23-300x225.png 300w, https:\/\/ensy.edu.mx\/wp-content\/uploads\/2026\/03\/image-23-768x576.png 768w, https:\/\/ensy.edu.mx\/wp-content\/uploads\/2026\/03\/image-23-1536x1152.png 1536w, https:\/\/ensy.edu.mx\/wp-content\/uploads\/2026\/03\/image-23.png 1600w\" sizes=\"auto, (max-width: 1024px) 100vw, 1024px\" \/><\/figure>\n","protected":false},"excerpt":{"rendered":"<p>3 de marzo. Complejo Siglo XXI. Fue un gusto acompa\u00f1ar al gobernador Huacho D\u00edaz Mena y a la Dra. Mirna Alejandra Manzanilla Romero, Titular de la SECIHTI, en la inauguraci\u00f3n de la Feria de Posgrados 2026. Tanto el Titular del Ejecutivo como la Secretaria enfatizaron &hellip; <\/p>\n","protected":false},"author":1,"featured_media":0,"comment_status":"open","ping_status":"open","sticky":false,"template":"","format":"standard","meta":{"footnotes":""},"categories":[1],"tags":[],"class_list":["post-2830","post","type-post","status-publish","format-standard","hentry","category-uncategorized"],"_links":{"self":[{"href":"https:\/\/ensy.edu.mx\/index.php\/wp-json\/wp\/v2\/posts\/2830","targetHints":{"allow":["GET"]}}],"collection":[{"href":"https:\/\/ensy.edu.mx\/index.php\/wp-json\/wp\/v2\/posts"}],"about":[{"href":"https:\/\/ensy.edu.mx\/index.php\/wp-json\/wp\/v2\/types\/post"}],"author":[{"embeddable":true,"href":"https:\/\/ensy.edu.mx\/index.php\/wp-json\/wp\/v2\/users\/1"}],"replies":[{"embeddable":true,"href":"https:\/\/ensy.edu.mx\/index.php\/wp-json\/wp\/v2\/comments?post=2830"}],"version-history":[{"count":1,"href":"https:\/\/ensy.edu.mx\/index.php\/wp-json\/wp\/v2\/posts\/2830\/revisions"}],"predecessor-version":[{"id":2834,"href":"https:\/\/ensy.edu.mx\/index.php\/wp-json\/wp\/v2\/posts\/2830\/revisions\/2834"}],"wp:attachment":[{"href":"https:\/\/ensy.edu.mx\/index.php\/wp-json\/wp\/v2\/media?parent=2830"}],"wp:term":[{"taxonomy":"category","embeddable":true,"href":"https:\/\/ensy.edu.mx\/index.php\/wp-json\/wp\/v2\/categories?post=2830"},{"taxonomy":"post_tag","embeddable":true,"href":"https:\/\/ensy.edu.mx\/index.php\/wp-json\/wp\/v2\/tags?post=2830"}],"curies":[{"name":"wp","href":"https:\/\/api.w.org\/{rel}","templated":true}]}}