{"id":2827,"date":"2026-03-05T22:50:59","date_gmt":"2026-03-05T22:50:59","guid":{"rendered":"https:\/\/ensy.edu.mx\/?p=2827"},"modified":"2026-03-05T22:51:00","modified_gmt":"2026-03-05T22:51:00","slug":"mtra-lourdes-briceno-rejon-y-al-dr-reyes-canto-pech-viajan-manana-al-estado-de-puebla-para-participar-en-el-congreso-internacional-de-normalismo-y-educacion-rural","status":"publish","type":"post","link":"https:\/\/ensy.edu.mx\/index.php\/2026\/03\/05\/mtra-lourdes-briceno-rejon-y-al-dr-reyes-canto-pech-viajan-manana-al-estado-de-puebla-para-participar-en-el-congreso-internacional-de-normalismo-y-educacion-rural\/","title":{"rendered":"Mtra. Lourdes Brice\u00f1o Rej\u00f3n y al Dr. Reyes Canto Pech, viajan ma\u00f1ana al Estado de Puebla para participar en el Congreso Internacional de Normalismo y Educaci\u00f3n Rural,"},"content":{"rendered":"\n<p>4 de marzo. Un gusto atender a la Mtra. Lourdes Brice\u00f1o Rej\u00f3n y al Dr. Reyes Canto Pech, quienes viajan ma\u00f1ana al Estado de Puebla para participar en el Congreso Internacional de Normalismo y Educaci\u00f3n Rural, mismo que se llevar\u00e1 al cabo los d\u00edas 6 y 7 de marzo en la Escuela Normal Rural \u00abCarmen Serd\u00e1n\u00bb, ubicada en Teteles, Pue. Presentar\u00e1n la ponencia \u00abLa importancia de los trabajos integradores en la educaci\u00f3n normalista.\u00bb Enhorabuena.<\/p>\n\n\n\n<p>ENSY: \u00abAprendiendo hoy para ense\u00f1ar ma\u00f1ana.\u00bb<\/p>\n\n\n\n<figure class=\"wp-block-image size-large\"><img loading=\"lazy\" decoding=\"async\" width=\"1024\" height=\"1018\" src=\"https:\/\/ensy.edu.mx\/wp-content\/uploads\/2026\/03\/image-20-1024x1018.png\" alt=\"\" class=\"wp-image-2828\" srcset=\"https:\/\/ensy.edu.mx\/wp-content\/uploads\/2026\/03\/image-20-1024x1018.png 1024w, https:\/\/ensy.edu.mx\/wp-content\/uploads\/2026\/03\/image-20-300x298.png 300w, https:\/\/ensy.edu.mx\/wp-content\/uploads\/2026\/03\/image-20-150x150.png 150w, https:\/\/ensy.edu.mx\/wp-content\/uploads\/2026\/03\/image-20-768x763.png 768w, https:\/\/ensy.edu.mx\/wp-content\/uploads\/2026\/03\/image-20-1536x1526.png 1536w, https:\/\/ensy.edu.mx\/wp-content\/uploads\/2026\/03\/image-20.png 2048w\" sizes=\"auto, (max-width: 1024px) 100vw, 1024px\" \/><\/figure>\n","protected":false},"excerpt":{"rendered":"<p>4 de marzo. Un gusto atender a la Mtra. Lourdes Brice\u00f1o Rej\u00f3n y al Dr. Reyes Canto Pech, quienes viajan ma\u00f1ana al Estado de Puebla para participar en el Congreso Internacional de Normalismo y Educaci\u00f3n Rural, mismo que se llevar\u00e1 al cabo los d\u00edas 6 &hellip; <\/p>\n","protected":false},"author":1,"featured_media":0,"comment_status":"open","ping_status":"open","sticky":false,"template":"","format":"standard","meta":{"footnotes":""},"categories":[1],"tags":[],"class_list":["post-2827","post","type-post","status-publish","format-standard","hentry","category-uncategorized"],"_links":{"self":[{"href":"https:\/\/ensy.edu.mx\/index.php\/wp-json\/wp\/v2\/posts\/2827","targetHints":{"allow":["GET"]}}],"collection":[{"href":"https:\/\/ensy.edu.mx\/index.php\/wp-json\/wp\/v2\/posts"}],"about":[{"href":"https:\/\/ensy.edu.mx\/index.php\/wp-json\/wp\/v2\/types\/post"}],"author":[{"embeddable":true,"href":"https:\/\/ensy.edu.mx\/index.php\/wp-json\/wp\/v2\/users\/1"}],"replies":[{"embeddable":true,"href":"https:\/\/ensy.edu.mx\/index.php\/wp-json\/wp\/v2\/comments?post=2827"}],"version-history":[{"count":1,"href":"https:\/\/ensy.edu.mx\/index.php\/wp-json\/wp\/v2\/posts\/2827\/revisions"}],"predecessor-version":[{"id":2829,"href":"https:\/\/ensy.edu.mx\/index.php\/wp-json\/wp\/v2\/posts\/2827\/revisions\/2829"}],"wp:attachment":[{"href":"https:\/\/ensy.edu.mx\/index.php\/wp-json\/wp\/v2\/media?parent=2827"}],"wp:term":[{"taxonomy":"category","embeddable":true,"href":"https:\/\/ensy.edu.mx\/index.php\/wp-json\/wp\/v2\/categories?post=2827"},{"taxonomy":"post_tag","embeddable":true,"href":"https:\/\/ensy.edu.mx\/index.php\/wp-json\/wp\/v2\/tags?post=2827"}],"curies":[{"name":"wp","href":"https:\/\/api.w.org\/{rel}","templated":true}]}}