{"id":2796,"date":"2026-03-02T16:12:30","date_gmt":"2026-03-02T16:12:30","guid":{"rendered":"https:\/\/ensy.edu.mx\/?p=2796"},"modified":"2026-03-02T16:12:31","modified_gmt":"2026-03-02T16:12:31","slug":"con-motivo-del-inicio-del-semestre","status":"publish","type":"post","link":"https:\/\/ensy.edu.mx\/index.php\/2026\/03\/02\/con-motivo-del-inicio-del-semestre\/","title":{"rendered":"Con motivo del inicio del semestre"},"content":{"rendered":"\n<p>28 de febrero. Con motivo del inicio del semestre, hoy me reun\u00ed con el claustro acad\u00e9mico y con los alumnos y alumnas de los 7 Programas de Posgrado que ofrece la Escuela Normal Superior de Yucat\u00e1n, ante quienes present\u00e9 al nuevo titular de la Divisi\u00f3n de Grados Acad\u00e9micos, Mtro. Carlos C.Cetina Salazar. Deseamos muchos \u00e9xitos al nuevo Responsable del Posgrado, a los Coordinadores de las Especialidades, a los y las docentes y a todo el colectivo de estudiantes. Enhorabuena.<\/p>\n\n\n\n<p>ENSY: \u00abAprendiendo hoy para ense\u00f1ar ma\u00f1ana. \u00ab<\/p>\n\n\n\n<figure class=\"wp-block-image size-large\"><img loading=\"lazy\" decoding=\"async\" width=\"1024\" height=\"538\" src=\"https:\/\/ensy.edu.mx\/wp-content\/uploads\/2026\/03\/image-1024x538.png\" alt=\"\" class=\"wp-image-2797\" srcset=\"https:\/\/ensy.edu.mx\/wp-content\/uploads\/2026\/03\/image-1024x538.png 1024w, https:\/\/ensy.edu.mx\/wp-content\/uploads\/2026\/03\/image-300x158.png 300w, https:\/\/ensy.edu.mx\/wp-content\/uploads\/2026\/03\/image-768x404.png 768w, https:\/\/ensy.edu.mx\/wp-content\/uploads\/2026\/03\/image.png 1233w\" sizes=\"auto, (max-width: 1024px) 100vw, 1024px\" \/><\/figure>\n\n\n\n<figure class=\"wp-block-image size-large\"><img loading=\"lazy\" decoding=\"async\" width=\"1024\" height=\"482\" src=\"https:\/\/ensy.edu.mx\/wp-content\/uploads\/2026\/03\/image-1-1024x482.png\" alt=\"\" class=\"wp-image-2798\" srcset=\"https:\/\/ensy.edu.mx\/wp-content\/uploads\/2026\/03\/image-1-1024x482.png 1024w, https:\/\/ensy.edu.mx\/wp-content\/uploads\/2026\/03\/image-1-300x141.png 300w, https:\/\/ensy.edu.mx\/wp-content\/uploads\/2026\/03\/image-1-768x361.png 768w, https:\/\/ensy.edu.mx\/wp-content\/uploads\/2026\/03\/image-1.png 1477w\" sizes=\"auto, (max-width: 1024px) 100vw, 1024px\" \/><\/figure>\n\n\n\n<figure class=\"wp-block-image size-large\"><img loading=\"lazy\" decoding=\"async\" width=\"1024\" height=\"348\" src=\"https:\/\/ensy.edu.mx\/wp-content\/uploads\/2026\/03\/image-2-1024x348.png\" alt=\"\" class=\"wp-image-2799\" srcset=\"https:\/\/ensy.edu.mx\/wp-content\/uploads\/2026\/03\/image-2-1024x348.png 1024w, https:\/\/ensy.edu.mx\/wp-content\/uploads\/2026\/03\/image-2-300x102.png 300w, https:\/\/ensy.edu.mx\/wp-content\/uploads\/2026\/03\/image-2-768x261.png 768w, https:\/\/ensy.edu.mx\/wp-content\/uploads\/2026\/03\/image-2-1536x523.png 1536w, https:\/\/ensy.edu.mx\/wp-content\/uploads\/2026\/03\/image-2.png 2040w\" sizes=\"auto, (max-width: 1024px) 100vw, 1024px\" \/><\/figure>\n","protected":false},"excerpt":{"rendered":"<p>28 de febrero. Con motivo del inicio del semestre, hoy me reun\u00ed con el claustro acad\u00e9mico y con los alumnos y alumnas de los 7 Programas de Posgrado que ofrece la Escuela Normal Superior de Yucat\u00e1n, ante quienes present\u00e9 al nuevo titular de la Divisi\u00f3n &hellip; <\/p>\n","protected":false},"author":1,"featured_media":0,"comment_status":"open","ping_status":"open","sticky":false,"template":"","format":"standard","meta":{"footnotes":""},"categories":[1],"tags":[],"class_list":["post-2796","post","type-post","status-publish","format-standard","hentry","category-uncategorized"],"_links":{"self":[{"href":"https:\/\/ensy.edu.mx\/index.php\/wp-json\/wp\/v2\/posts\/2796","targetHints":{"allow":["GET"]}}],"collection":[{"href":"https:\/\/ensy.edu.mx\/index.php\/wp-json\/wp\/v2\/posts"}],"about":[{"href":"https:\/\/ensy.edu.mx\/index.php\/wp-json\/wp\/v2\/types\/post"}],"author":[{"embeddable":true,"href":"https:\/\/ensy.edu.mx\/index.php\/wp-json\/wp\/v2\/users\/1"}],"replies":[{"embeddable":true,"href":"https:\/\/ensy.edu.mx\/index.php\/wp-json\/wp\/v2\/comments?post=2796"}],"version-history":[{"count":1,"href":"https:\/\/ensy.edu.mx\/index.php\/wp-json\/wp\/v2\/posts\/2796\/revisions"}],"predecessor-version":[{"id":2800,"href":"https:\/\/ensy.edu.mx\/index.php\/wp-json\/wp\/v2\/posts\/2796\/revisions\/2800"}],"wp:attachment":[{"href":"https:\/\/ensy.edu.mx\/index.php\/wp-json\/wp\/v2\/media?parent=2796"}],"wp:term":[{"taxonomy":"category","embeddable":true,"href":"https:\/\/ensy.edu.mx\/index.php\/wp-json\/wp\/v2\/categories?post=2796"},{"taxonomy":"post_tag","embeddable":true,"href":"https:\/\/ensy.edu.mx\/index.php\/wp-json\/wp\/v2\/tags?post=2796"}],"curies":[{"name":"wp","href":"https:\/\/api.w.org\/{rel}","templated":true}]}}