{"id":2792,"date":"2026-02-27T23:25:06","date_gmt":"2026-02-27T23:25:06","guid":{"rendered":"https:\/\/ensy.edu.mx\/?p=2792"},"modified":"2026-02-27T23:25:07","modified_gmt":"2026-02-27T23:25:07","slug":"sorpresas-te-da-la-vida","status":"publish","type":"post","link":"https:\/\/ensy.edu.mx\/index.php\/2026\/02\/27\/sorpresas-te-da-la-vida\/","title":{"rendered":"SORPRESAS TE DA LA VIDA"},"content":{"rendered":"\n<p>SORPRESAS TE DA LA VIDA. 24 de febrero en la tarde-noche. Cuando cre\u00edamos estar terminando la intensa jornada por el D\u00eda de la Bandera y la Feria \u00abLa mujer en la ciencia\u00bb (Especialidad de Qu\u00edmica), un servidor y el Subdirector Acad\u00e9mico Mtro. <a href=\"https:\/\/www.facebook.com\/negretequijano?__cft__[0]=AZbsoZ6QC0u9a9fj66VrEj35Y9-_phVKEOFZC0AbG6a1WwyUMVo_c3aYBKrBFwFN8qr_L6pF2Z1KEwXgPoUJYWE7jRCRvoi5ngbT0oQ7i27Z-OkXGfKh3x-9BGB4zkqXKDk&amp;__tn__=-]K-R\">Manuel Negrete Quijano<\/a> tuvimos un emocionado encuentro con los y las estudiantes del VI Sem. de la Licenciatura en Educaci\u00f3n Art\u00edstica, quienes junto con sus maestros Luis Matos (Coordinador) y Gilberto Cab, me obsequiaron su impresionante obra colectiva de fin del semestre anterior. Ellos y ellas describieron el significado de su trabajo as\u00ed: \u00abEl cuadro nos presenta una escena que habla de la transici\u00f3n de la modernidad hacia la postmodernidad. La figura del hombre en traje, con su sonrisa forzada y mirada perturbadora, simboliza el poder del capitalismo y la pol\u00edtica, mostrado como un rostro exagerado y dominante. Frente a \u00e9l aparece un portal con un ojo rojo, met\u00e1fora de la tecnolog\u00eda y el consumismo: una puerta que promete acceso y progreso, pero que tambi\u00e9n vigila y controla, mostrando la ambig\u00fcedad de la era postmoderna. Las siluetas humanas, reducidas a sombras, representan a una sociedad sin identidad propia, atrapada en la din\u00e1mica del poder y el deseo. La paleta de colores intensos refuerza la sensaci\u00f3n de vac\u00edo colectivo y transmite la idea de que la vida social se ha transformado en un espect\u00e1culo donde lo que prevalece es el control y la p\u00e9rdida de sentido.\u00bb No cabe duda que en la Escuela Normal Superior de Yucat\u00e1n, a trav\u00e9s del arte y de las otras disciplinas que ah\u00ed se ense\u00f1an- se fomenta con creces la libertad del esp\u00edritu y el pensamiento cr\u00edtico. Muchas gracias y enhorabuena.<\/p>\n\n\n\n<p>ENSY: \u00abAprendiendo hoy para ense\u00f1ar ma\u00f1ana.\u00bb<\/p>\n\n\n\n<figure class=\"wp-block-image size-large\"><img loading=\"lazy\" decoding=\"async\" width=\"1024\" height=\"525\" src=\"https:\/\/ensy.edu.mx\/wp-content\/uploads\/2026\/02\/image-88-1024x525.png\" alt=\"\" class=\"wp-image-2793\" srcset=\"https:\/\/ensy.edu.mx\/wp-content\/uploads\/2026\/02\/image-88-1024x525.png 1024w, https:\/\/ensy.edu.mx\/wp-content\/uploads\/2026\/02\/image-88-300x154.png 300w, https:\/\/ensy.edu.mx\/wp-content\/uploads\/2026\/02\/image-88-768x394.png 768w, https:\/\/ensy.edu.mx\/wp-content\/uploads\/2026\/02\/image-88-1536x788.png 1536w, https:\/\/ensy.edu.mx\/wp-content\/uploads\/2026\/02\/image-88.png 2048w\" sizes=\"auto, (max-width: 1024px) 100vw, 1024px\" \/><\/figure>\n\n\n\n<figure class=\"wp-block-image size-large\"><img loading=\"lazy\" decoding=\"async\" width=\"772\" height=\"1024\" src=\"https:\/\/ensy.edu.mx\/wp-content\/uploads\/2026\/02\/image-89-772x1024.png\" alt=\"\" class=\"wp-image-2794\" srcset=\"https:\/\/ensy.edu.mx\/wp-content\/uploads\/2026\/02\/image-89-772x1024.png 772w, https:\/\/ensy.edu.mx\/wp-content\/uploads\/2026\/02\/image-89-226x300.png 226w, https:\/\/ensy.edu.mx\/wp-content\/uploads\/2026\/02\/image-89-768x1019.png 768w, https:\/\/ensy.edu.mx\/wp-content\/uploads\/2026\/02\/image-89-1158x1536.png 1158w, https:\/\/ensy.edu.mx\/wp-content\/uploads\/2026\/02\/image-89.png 1544w\" sizes=\"auto, (max-width: 772px) 100vw, 772px\" \/><\/figure>\n","protected":false},"excerpt":{"rendered":"<p>SORPRESAS TE DA LA VIDA. 24 de febrero en la tarde-noche. Cuando cre\u00edamos estar terminando la intensa jornada por el D\u00eda de la Bandera y la Feria \u00abLa mujer en la ciencia\u00bb (Especialidad de Qu\u00edmica), un servidor y el Subdirector Acad\u00e9mico Mtro. Manuel Negrete Quijano &hellip; <\/p>\n","protected":false},"author":1,"featured_media":0,"comment_status":"open","ping_status":"open","sticky":false,"template":"","format":"standard","meta":{"footnotes":""},"categories":[1],"tags":[],"class_list":["post-2792","post","type-post","status-publish","format-standard","hentry","category-uncategorized"],"_links":{"self":[{"href":"https:\/\/ensy.edu.mx\/index.php\/wp-json\/wp\/v2\/posts\/2792","targetHints":{"allow":["GET"]}}],"collection":[{"href":"https:\/\/ensy.edu.mx\/index.php\/wp-json\/wp\/v2\/posts"}],"about":[{"href":"https:\/\/ensy.edu.mx\/index.php\/wp-json\/wp\/v2\/types\/post"}],"author":[{"embeddable":true,"href":"https:\/\/ensy.edu.mx\/index.php\/wp-json\/wp\/v2\/users\/1"}],"replies":[{"embeddable":true,"href":"https:\/\/ensy.edu.mx\/index.php\/wp-json\/wp\/v2\/comments?post=2792"}],"version-history":[{"count":1,"href":"https:\/\/ensy.edu.mx\/index.php\/wp-json\/wp\/v2\/posts\/2792\/revisions"}],"predecessor-version":[{"id":2795,"href":"https:\/\/ensy.edu.mx\/index.php\/wp-json\/wp\/v2\/posts\/2792\/revisions\/2795"}],"wp:attachment":[{"href":"https:\/\/ensy.edu.mx\/index.php\/wp-json\/wp\/v2\/media?parent=2792"}],"wp:term":[{"taxonomy":"category","embeddable":true,"href":"https:\/\/ensy.edu.mx\/index.php\/wp-json\/wp\/v2\/categories?post=2792"},{"taxonomy":"post_tag","embeddable":true,"href":"https:\/\/ensy.edu.mx\/index.php\/wp-json\/wp\/v2\/tags?post=2792"}],"curies":[{"name":"wp","href":"https:\/\/api.w.org\/{rel}","templated":true}]}}