{"id":2743,"date":"2026-02-16T13:52:35","date_gmt":"2026-02-16T13:52:35","guid":{"rendered":"https:\/\/ensy.edu.mx\/?p=2743"},"modified":"2026-02-16T13:52:36","modified_gmt":"2026-02-16T13:52:36","slug":"hoy-se-realizo-el-relevo-simbolico-en-la-coordinacion-general-de-la-division-de-grados-academicos-dga-posgrado","status":"publish","type":"post","link":"https:\/\/ensy.edu.mx\/index.php\/2026\/02\/16\/hoy-se-realizo-el-relevo-simbolico-en-la-coordinacion-general-de-la-division-de-grados-academicos-dga-posgrado\/","title":{"rendered":"hoy se realiz\u00f3 el relevo simb\u00f3lico en la Coordinaci\u00f3n General de la Divisi\u00f3n de Grados Acad\u00e9micos (DGA, Posgrado)."},"content":{"rendered":"\n<p>S\u00e1bado 14 de febrero. Con esp\u00edritu institucional y pensando siempre en el fortalecimiento acad\u00e9mico de la Escuela Normal Superior de Yucat\u00e1n, hoy se realiz\u00f3 el relevo simb\u00f3lico en la Coordinaci\u00f3n General de la Divisi\u00f3n de Grados Acad\u00e9micos (DGA, Posgrado). El Mtro. Carlos Cecilio Cetina Salazar sustituye en el encargo al Dr. Fernan Cetina Alonzo, quien se acogi\u00f3 a su merecida jubilaci\u00f3n y dirigi\u00f3 la DGA con tino y gran profesionalismo durante 7 a\u00f1os. Fue un gusto reunirme con el claustro docente del Posgrado y recibir a lo Coordinadores y Coordinadoras de los 7 Programas Educativos en vigor. Enhorabuena.<\/p>\n\n\n\n<p>ENSY: \u00abAprendiendo hoy para ense\u00f1ar ma\u00f1ana.\u00bb<\/p>\n\n\n\n<figure class=\"wp-block-image size-large\"><img loading=\"lazy\" decoding=\"async\" width=\"1024\" height=\"999\" src=\"https:\/\/ensy.edu.mx\/wp-content\/uploads\/2026\/02\/image-56-1024x999.png\" alt=\"\" class=\"wp-image-2744\" srcset=\"https:\/\/ensy.edu.mx\/wp-content\/uploads\/2026\/02\/image-56-1024x999.png 1024w, https:\/\/ensy.edu.mx\/wp-content\/uploads\/2026\/02\/image-56-300x293.png 300w, https:\/\/ensy.edu.mx\/wp-content\/uploads\/2026\/02\/image-56-768x749.png 768w, https:\/\/ensy.edu.mx\/wp-content\/uploads\/2026\/02\/image-56-1536x1498.png 1536w, https:\/\/ensy.edu.mx\/wp-content\/uploads\/2026\/02\/image-56.png 2048w\" sizes=\"auto, (max-width: 1024px) 100vw, 1024px\" \/><\/figure>\n\n\n\n<figure class=\"wp-block-image size-large\"><img loading=\"lazy\" decoding=\"async\" width=\"1024\" height=\"703\" src=\"https:\/\/ensy.edu.mx\/wp-content\/uploads\/2026\/02\/image-57-1024x703.png\" alt=\"\" class=\"wp-image-2745\" srcset=\"https:\/\/ensy.edu.mx\/wp-content\/uploads\/2026\/02\/image-57-1024x703.png 1024w, https:\/\/ensy.edu.mx\/wp-content\/uploads\/2026\/02\/image-57-300x206.png 300w, https:\/\/ensy.edu.mx\/wp-content\/uploads\/2026\/02\/image-57-768x527.png 768w, https:\/\/ensy.edu.mx\/wp-content\/uploads\/2026\/02\/image-57-1536x1054.png 1536w, https:\/\/ensy.edu.mx\/wp-content\/uploads\/2026\/02\/image-57-135x93.png 135w, https:\/\/ensy.edu.mx\/wp-content\/uploads\/2026\/02\/image-57.png 2048w\" sizes=\"auto, (max-width: 1024px) 100vw, 1024px\" \/><\/figure>\n\n\n\n<figure class=\"wp-block-image size-large\"><img loading=\"lazy\" decoding=\"async\" width=\"1024\" height=\"456\" src=\"https:\/\/ensy.edu.mx\/wp-content\/uploads\/2026\/02\/image-58-1024x456.png\" alt=\"\" class=\"wp-image-2746\" srcset=\"https:\/\/ensy.edu.mx\/wp-content\/uploads\/2026\/02\/image-58-1024x456.png 1024w, https:\/\/ensy.edu.mx\/wp-content\/uploads\/2026\/02\/image-58-300x134.png 300w, https:\/\/ensy.edu.mx\/wp-content\/uploads\/2026\/02\/image-58-768x342.png 768w, https:\/\/ensy.edu.mx\/wp-content\/uploads\/2026\/02\/image-58-1536x684.png 1536w, https:\/\/ensy.edu.mx\/wp-content\/uploads\/2026\/02\/image-58.png 1600w\" sizes=\"auto, (max-width: 1024px) 100vw, 1024px\" \/><\/figure>\n\n\n\n<figure class=\"wp-block-image size-large\"><img loading=\"lazy\" decoding=\"async\" width=\"1024\" height=\"406\" src=\"https:\/\/ensy.edu.mx\/wp-content\/uploads\/2026\/02\/image-59-1024x406.png\" alt=\"\" class=\"wp-image-2747\" srcset=\"https:\/\/ensy.edu.mx\/wp-content\/uploads\/2026\/02\/image-59-1024x406.png 1024w, https:\/\/ensy.edu.mx\/wp-content\/uploads\/2026\/02\/image-59-300x119.png 300w, https:\/\/ensy.edu.mx\/wp-content\/uploads\/2026\/02\/image-59-768x305.png 768w, https:\/\/ensy.edu.mx\/wp-content\/uploads\/2026\/02\/image-59.png 1530w\" sizes=\"auto, (max-width: 1024px) 100vw, 1024px\" \/><\/figure>\n","protected":false},"excerpt":{"rendered":"<p>S\u00e1bado 14 de febrero. Con esp\u00edritu institucional y pensando siempre en el fortalecimiento acad\u00e9mico de la Escuela Normal Superior de Yucat\u00e1n, hoy se realiz\u00f3 el relevo simb\u00f3lico en la Coordinaci\u00f3n General de la Divisi\u00f3n de Grados Acad\u00e9micos (DGA, Posgrado). El Mtro. Carlos Cecilio Cetina Salazar &hellip; <\/p>\n","protected":false},"author":1,"featured_media":0,"comment_status":"open","ping_status":"open","sticky":false,"template":"","format":"standard","meta":{"footnotes":""},"categories":[1],"tags":[],"class_list":["post-2743","post","type-post","status-publish","format-standard","hentry","category-uncategorized"],"_links":{"self":[{"href":"https:\/\/ensy.edu.mx\/index.php\/wp-json\/wp\/v2\/posts\/2743","targetHints":{"allow":["GET"]}}],"collection":[{"href":"https:\/\/ensy.edu.mx\/index.php\/wp-json\/wp\/v2\/posts"}],"about":[{"href":"https:\/\/ensy.edu.mx\/index.php\/wp-json\/wp\/v2\/types\/post"}],"author":[{"embeddable":true,"href":"https:\/\/ensy.edu.mx\/index.php\/wp-json\/wp\/v2\/users\/1"}],"replies":[{"embeddable":true,"href":"https:\/\/ensy.edu.mx\/index.php\/wp-json\/wp\/v2\/comments?post=2743"}],"version-history":[{"count":1,"href":"https:\/\/ensy.edu.mx\/index.php\/wp-json\/wp\/v2\/posts\/2743\/revisions"}],"predecessor-version":[{"id":2748,"href":"https:\/\/ensy.edu.mx\/index.php\/wp-json\/wp\/v2\/posts\/2743\/revisions\/2748"}],"wp:attachment":[{"href":"https:\/\/ensy.edu.mx\/index.php\/wp-json\/wp\/v2\/media?parent=2743"}],"wp:term":[{"taxonomy":"category","embeddable":true,"href":"https:\/\/ensy.edu.mx\/index.php\/wp-json\/wp\/v2\/categories?post=2743"},{"taxonomy":"post_tag","embeddable":true,"href":"https:\/\/ensy.edu.mx\/index.php\/wp-json\/wp\/v2\/tags?post=2743"}],"curies":[{"name":"wp","href":"https:\/\/api.w.org\/{rel}","templated":true}]}}