{"id":2714,"date":"2026-02-11T13:29:52","date_gmt":"2026-02-11T13:29:52","guid":{"rendered":"https:\/\/ensy.edu.mx\/?p=2714"},"modified":"2026-02-11T13:29:52","modified_gmt":"2026-02-11T13:29:52","slug":"la-dra-alejandra-campos-barredo-y-el-mtro-rodrigo-novelo-magana-rindieron-protesta-como-representantes-sindicales","status":"publish","type":"post","link":"https:\/\/ensy.edu.mx\/index.php\/2026\/02\/11\/la-dra-alejandra-campos-barredo-y-el-mtro-rodrigo-novelo-magana-rindieron-protesta-como-representantes-sindicales\/","title":{"rendered":"La Dra. Alejandra Campos Barredo y el Mtro. Rodrigo Novelo Maga\u00f1a rindieron protesta como representantes sindicales"},"content":{"rendered":"\n<p>Martes 10 de febrero. La Dra. Alejandra Campos Barredo y el Mtro. Rodrigo Novelo Maga\u00f1a rindieron protesta como representantes sindicales ante la Comisi\u00f3n Dictaminadora Institucional de la Escuela Normal Superior de Yucat\u00e1n, acto en el cual se declar\u00f3 legalmente instalado este \u00f3rgano paritario que realizar\u00e1 los pr\u00f3ximos procesos de promoci\u00f3n del personal de base docente y no docente. Tambi\u00e9n integran esta instancia el Dr. Francisco Rej\u00f3n y el Mtro. Carlos Hern\u00e1ndez Noriega, representantes de la Direcci\u00f3n de la Escuela. Agradecemos la presencia de la Dra. <a href=\"https:\/\/www.facebook.com\/alma.gongora.1?__cft__[0]=AZYc3xxgHFyZTMVvmp1EqkC_9Bx9SXvUAjiVfeTampe1pzIdWroVKKR04z7V6Ic73H2BJwLMa7iisJRY3Jzj2Ti10CAmkWH_qVPL4YgqGTXA6wpq3oP8pVuptCwaVqqIkMI&amp;__tn__=-]K-R\">Alma Gongora<\/a> Maga\u00f1a, Sria. de Trabajo y Conflictos de la <a href=\"https:\/\/www.facebook.com\/sntesec57?__cft__[0]=AZYc3xxgHFyZTMVvmp1EqkC_9Bx9SXvUAjiVfeTampe1pzIdWroVKKR04z7V6Ic73H2BJwLMa7iisJRY3Jzj2Ti10CAmkWH_qVPL4YgqGTXA6wpq3oP8pVuptCwaVqqIkMI&amp;__tn__=-]K-R\">Secci\u00f3n 57 SNTE<\/a> y del Dr. Reyes Canto Pech, Srio. Gral. de la Delegaci\u00f3n D-II-37 de este organismo, asi como del Subdirector Acad\u00e9mico Mtro. <a href=\"https:\/\/www.facebook.com\/negretequijano?__cft__[0]=AZYc3xxgHFyZTMVvmp1EqkC_9Bx9SXvUAjiVfeTampe1pzIdWroVKKR04z7V6Ic73H2BJwLMa7iisJRY3Jzj2Ti10CAmkWH_qVPL4YgqGTXA6wpq3oP8pVuptCwaVqqIkMI&amp;__tn__=-]K-R\">Manuel Negrete Quijano<\/a> y del Subdirector Administrativo Dr. Gregorio Osorio Rosado. Estamos ciertos que los trabajos de esta Comisi\u00f3n se regir\u00e1n por los principios de legalidad, justicia, transparencia y respeto pleno a los derechos de las trabajadoras y los trabajadores de nuestra gran instituci\u00f3n. Enhorabuena.<\/p>\n\n\n\n<p>ENSY: \u00abAprendiendo hoy para ense\u00f1ar ma\u00f1ana.\u00bb<\/p>\n\n\n\n<figure class=\"wp-block-image size-full\"><img loading=\"lazy\" decoding=\"async\" width=\"882\" height=\"863\" src=\"https:\/\/ensy.edu.mx\/wp-content\/uploads\/2026\/02\/image-40.png\" alt=\"\" class=\"wp-image-2715\" srcset=\"https:\/\/ensy.edu.mx\/wp-content\/uploads\/2026\/02\/image-40.png 882w, https:\/\/ensy.edu.mx\/wp-content\/uploads\/2026\/02\/image-40-300x294.png 300w, https:\/\/ensy.edu.mx\/wp-content\/uploads\/2026\/02\/image-40-768x751.png 768w\" sizes=\"auto, (max-width: 882px) 100vw, 882px\" \/><\/figure>\n\n\n\n<figure class=\"wp-block-image size-large\"><img loading=\"lazy\" decoding=\"async\" width=\"898\" height=\"1024\" src=\"https:\/\/ensy.edu.mx\/wp-content\/uploads\/2026\/02\/image-41-898x1024.png\" alt=\"\" class=\"wp-image-2716\" srcset=\"https:\/\/ensy.edu.mx\/wp-content\/uploads\/2026\/02\/image-41-898x1024.png 898w, https:\/\/ensy.edu.mx\/wp-content\/uploads\/2026\/02\/image-41-263x300.png 263w, https:\/\/ensy.edu.mx\/wp-content\/uploads\/2026\/02\/image-41-768x875.png 768w, https:\/\/ensy.edu.mx\/wp-content\/uploads\/2026\/02\/image-41.png 908w\" sizes=\"auto, (max-width: 898px) 100vw, 898px\" \/><\/figure>\n\n\n\n<figure class=\"wp-block-image size-large\"><img loading=\"lazy\" decoding=\"async\" width=\"1024\" height=\"353\" src=\"https:\/\/ensy.edu.mx\/wp-content\/uploads\/2026\/02\/image-42-1024x353.png\" alt=\"\" class=\"wp-image-2717\" srcset=\"https:\/\/ensy.edu.mx\/wp-content\/uploads\/2026\/02\/image-42-1024x353.png 1024w, https:\/\/ensy.edu.mx\/wp-content\/uploads\/2026\/02\/image-42-300x103.png 300w, https:\/\/ensy.edu.mx\/wp-content\/uploads\/2026\/02\/image-42-768x264.png 768w, https:\/\/ensy.edu.mx\/wp-content\/uploads\/2026\/02\/image-42.png 1246w\" sizes=\"auto, (max-width: 1024px) 100vw, 1024px\" \/><\/figure>\n\n\n\n<figure class=\"wp-block-image size-large\"><img loading=\"lazy\" decoding=\"async\" width=\"1024\" height=\"722\" src=\"https:\/\/ensy.edu.mx\/wp-content\/uploads\/2026\/02\/image-43-1024x722.png\" alt=\"\" class=\"wp-image-2718\" srcset=\"https:\/\/ensy.edu.mx\/wp-content\/uploads\/2026\/02\/image-43-1024x722.png 1024w, https:\/\/ensy.edu.mx\/wp-content\/uploads\/2026\/02\/image-43-300x211.png 300w, https:\/\/ensy.edu.mx\/wp-content\/uploads\/2026\/02\/image-43-768x541.png 768w, https:\/\/ensy.edu.mx\/wp-content\/uploads\/2026\/02\/image-43-1536x1082.png 1536w, https:\/\/ensy.edu.mx\/wp-content\/uploads\/2026\/02\/image-43.png 2048w\" sizes=\"auto, (max-width: 1024px) 100vw, 1024px\" \/><\/figure>\n","protected":false},"excerpt":{"rendered":"<p>Martes 10 de febrero. La Dra. Alejandra Campos Barredo y el Mtro. Rodrigo Novelo Maga\u00f1a rindieron protesta como representantes sindicales ante la Comisi\u00f3n Dictaminadora Institucional de la Escuela Normal Superior de Yucat\u00e1n, acto en el cual se declar\u00f3 legalmente instalado este \u00f3rgano paritario que realizar\u00e1 &hellip; <\/p>\n","protected":false},"author":1,"featured_media":0,"comment_status":"open","ping_status":"open","sticky":false,"template":"","format":"standard","meta":{"footnotes":""},"categories":[1],"tags":[],"class_list":["post-2714","post","type-post","status-publish","format-standard","hentry","category-uncategorized"],"_links":{"self":[{"href":"https:\/\/ensy.edu.mx\/index.php\/wp-json\/wp\/v2\/posts\/2714","targetHints":{"allow":["GET"]}}],"collection":[{"href":"https:\/\/ensy.edu.mx\/index.php\/wp-json\/wp\/v2\/posts"}],"about":[{"href":"https:\/\/ensy.edu.mx\/index.php\/wp-json\/wp\/v2\/types\/post"}],"author":[{"embeddable":true,"href":"https:\/\/ensy.edu.mx\/index.php\/wp-json\/wp\/v2\/users\/1"}],"replies":[{"embeddable":true,"href":"https:\/\/ensy.edu.mx\/index.php\/wp-json\/wp\/v2\/comments?post=2714"}],"version-history":[{"count":1,"href":"https:\/\/ensy.edu.mx\/index.php\/wp-json\/wp\/v2\/posts\/2714\/revisions"}],"predecessor-version":[{"id":2719,"href":"https:\/\/ensy.edu.mx\/index.php\/wp-json\/wp\/v2\/posts\/2714\/revisions\/2719"}],"wp:attachment":[{"href":"https:\/\/ensy.edu.mx\/index.php\/wp-json\/wp\/v2\/media?parent=2714"}],"wp:term":[{"taxonomy":"category","embeddable":true,"href":"https:\/\/ensy.edu.mx\/index.php\/wp-json\/wp\/v2\/categories?post=2714"},{"taxonomy":"post_tag","embeddable":true,"href":"https:\/\/ensy.edu.mx\/index.php\/wp-json\/wp\/v2\/tags?post=2714"}],"curies":[{"name":"wp","href":"https:\/\/api.w.org\/{rel}","templated":true}]}}