{"id":2709,"date":"2026-02-11T13:25:54","date_gmt":"2026-02-11T13:25:54","guid":{"rendered":"https:\/\/ensy.edu.mx\/?p=2709"},"modified":"2026-02-11T13:25:55","modified_gmt":"2026-02-11T13:25:55","slug":"c-o-m-u-n-i-c-a-d-o","status":"publish","type":"post","link":"https:\/\/ensy.edu.mx\/index.php\/2026\/02\/11\/c-o-m-u-n-i-c-a-d-o\/","title":{"rendered":"C O M U N I C A D O"},"content":{"rendered":"\n<p><br>La Secretar\u00eda de Educaci\u00f3n del Gobierno del Estado de Yucat\u00e1n informa<br>que, siguiendo el anuncio realizado por el Gobernador Joaqu\u00edn D\u00edaz<br>Mena, se suspenden las actividades escolares los d\u00edas lunes 16 y martes<br>17 de febrero en todos los niveles educativos, en respeto a los usos y<br>costumbres de nuestra entidad.<br>Esta disposici\u00f3n se extiende a todas las instituciones p\u00fablicas del sector<br>educativo.<br>La Secretar\u00eda reconoce la riqueza cultural y la importancia de nuestras<br>tradiciones, por lo que reafirma su compromiso de fomentar la<br>preservaci\u00f3n de las costumbres y festividades locales que nos distinguen<br>como yucatecas y yucatecos.<br>M\u00e9rida, Yucat\u00e1n, a 10 de febrero de 2026<\/p>\n","protected":false},"excerpt":{"rendered":"<p>La Secretar\u00eda de Educaci\u00f3n del Gobierno del Estado de Yucat\u00e1n informaque, siguiendo el anuncio realizado por el Gobernador Joaqu\u00edn D\u00edazMena, se suspenden las actividades escolares los d\u00edas lunes 16 y martes17 de febrero en todos los niveles educativos, en respeto a los usos ycostumbres de &hellip; <\/p>\n","protected":false},"author":1,"featured_media":0,"comment_status":"open","ping_status":"open","sticky":false,"template":"","format":"standard","meta":{"footnotes":""},"categories":[1],"tags":[],"class_list":["post-2709","post","type-post","status-publish","format-standard","hentry","category-uncategorized"],"_links":{"self":[{"href":"https:\/\/ensy.edu.mx\/index.php\/wp-json\/wp\/v2\/posts\/2709","targetHints":{"allow":["GET"]}}],"collection":[{"href":"https:\/\/ensy.edu.mx\/index.php\/wp-json\/wp\/v2\/posts"}],"about":[{"href":"https:\/\/ensy.edu.mx\/index.php\/wp-json\/wp\/v2\/types\/post"}],"author":[{"embeddable":true,"href":"https:\/\/ensy.edu.mx\/index.php\/wp-json\/wp\/v2\/users\/1"}],"replies":[{"embeddable":true,"href":"https:\/\/ensy.edu.mx\/index.php\/wp-json\/wp\/v2\/comments?post=2709"}],"version-history":[{"count":1,"href":"https:\/\/ensy.edu.mx\/index.php\/wp-json\/wp\/v2\/posts\/2709\/revisions"}],"predecessor-version":[{"id":2710,"href":"https:\/\/ensy.edu.mx\/index.php\/wp-json\/wp\/v2\/posts\/2709\/revisions\/2710"}],"wp:attachment":[{"href":"https:\/\/ensy.edu.mx\/index.php\/wp-json\/wp\/v2\/media?parent=2709"}],"wp:term":[{"taxonomy":"category","embeddable":true,"href":"https:\/\/ensy.edu.mx\/index.php\/wp-json\/wp\/v2\/categories?post=2709"},{"taxonomy":"post_tag","embeddable":true,"href":"https:\/\/ensy.edu.mx\/index.php\/wp-json\/wp\/v2\/tags?post=2709"}],"curies":[{"name":"wp","href":"https:\/\/api.w.org\/{rel}","templated":true}]}}