{"id":2706,"date":"2026-02-11T13:24:41","date_gmt":"2026-02-11T13:24:41","guid":{"rendered":"https:\/\/ensy.edu.mx\/?p=2706"},"modified":"2026-02-11T13:24:42","modified_gmt":"2026-02-11T13:24:42","slug":"encabezada-por-la-mtra-alicia-fagundez-una-delegacion-academica-de-la-hermana-republica-oriental-del-uruguay-llego-hoy-a-la-escuela-normal-superior-de-yucatan","status":"publish","type":"post","link":"https:\/\/ensy.edu.mx\/index.php\/2026\/02\/11\/encabezada-por-la-mtra-alicia-fagundez-una-delegacion-academica-de-la-hermana-republica-oriental-del-uruguay-llego-hoy-a-la-escuela-normal-superior-de-yucatan\/","title":{"rendered":"Encabezada por la Mtra. Alicia Fag\u00fandez, una delegaci\u00f3n acad\u00e9mica de la hermana Rep\u00fablica Oriental del Uruguay lleg\u00f3 hoy a la Escuela Normal Superior de Yucat\u00e1n"},"content":{"rendered":"\n<p>Lunes 9 de febrero. Encabezada por la Mtra. Alicia Fag\u00fandez, una delegaci\u00f3n acad\u00e9mica de la hermana Rep\u00fablica Oriental del Uruguay lleg\u00f3 hoy a la Escuela Normal Superior de Yucat\u00e1n como parte de las acciones de movilidad internacional y de intercambio acad\u00e9mico que se da entre las instituciones formadoras de docentes de Uruguay y Yucat\u00e1n. Fue un honor y una emoci\u00f3n recibir de los alumnos uruguayos la ense\u00f1a nacional de aquel pa\u00eds y refrendar as\u00ed los lazos de colaboraci\u00f3n y hermandad que nos unen. Nos acompa\u00f1aron el SubdirectorAcad\u00e9mico Mtro. <a href=\"https:\/\/www.facebook.com\/negretequijano?__cft__[0]=AZaEv2DgAKHk0_KtESmAjxUE7ALzxucxDbb5h1F_I0uScyqiJrQyNWaJjXOVRjZ8ONAjoVBEWvaU4BUn_U2k8gRNFpxwss6z7TtumSuZyM2WX_1i1K03LI9LGsD0SJHey_U&amp;__tn__=-]K-R\">Manuel Negrete Quijano<\/a>, el Coordinador de la Licenciatura en Educaci\u00f3n Art\u00edstica Mtro. Luis Matos, la Coordinadora del \u00c1rea de Ciencias Naturales Dra. <a href=\"https:\/\/www.facebook.com\/rakel.sanchezrosas?__cft__[0]=AZaEv2DgAKHk0_KtESmAjxUE7ALzxucxDbb5h1F_I0uScyqiJrQyNWaJjXOVRjZ8ONAjoVBEWvaU4BUn_U2k8gRNFpxwss6z7TtumSuZyM2WX_1i1K03LI9LGsD0SJHey_U&amp;__tn__=-]K-R\">Rakel Sanchez Rosas<\/a> y la Coordinadora de Formaci\u00f3n Inicial Dra. Alina Mu\u00f1oz. Enhorabuena.<\/p>\n\n\n\n<p>ENSY: \u00abAprendiendo hoy para ense\u00f1ar ma\u00f1ana.\u00bb<\/p>\n\n\n\n<figure class=\"wp-block-image size-large\"><img loading=\"lazy\" decoding=\"async\" width=\"1024\" height=\"568\" src=\"https:\/\/ensy.edu.mx\/wp-content\/uploads\/2026\/02\/image-38-1024x568.png\" alt=\"\" class=\"wp-image-2707\" srcset=\"https:\/\/ensy.edu.mx\/wp-content\/uploads\/2026\/02\/image-38-1024x568.png 1024w, https:\/\/ensy.edu.mx\/wp-content\/uploads\/2026\/02\/image-38-300x166.png 300w, https:\/\/ensy.edu.mx\/wp-content\/uploads\/2026\/02\/image-38-768x426.png 768w, https:\/\/ensy.edu.mx\/wp-content\/uploads\/2026\/02\/image-38-1536x852.png 1536w, https:\/\/ensy.edu.mx\/wp-content\/uploads\/2026\/02\/image-38.png 2048w\" sizes=\"auto, (max-width: 1024px) 100vw, 1024px\" \/><\/figure>\n\n\n\n<p><\/p>\n","protected":false},"excerpt":{"rendered":"<p>Lunes 9 de febrero. Encabezada por la Mtra. Alicia Fag\u00fandez, una delegaci\u00f3n acad\u00e9mica de la hermana Rep\u00fablica Oriental del Uruguay lleg\u00f3 hoy a la Escuela Normal Superior de Yucat\u00e1n como parte de las acciones de movilidad internacional y de intercambio acad\u00e9mico que se da entre &hellip; <\/p>\n","protected":false},"author":1,"featured_media":0,"comment_status":"open","ping_status":"open","sticky":false,"template":"","format":"standard","meta":{"footnotes":""},"categories":[1],"tags":[],"class_list":["post-2706","post","type-post","status-publish","format-standard","hentry","category-uncategorized"],"_links":{"self":[{"href":"https:\/\/ensy.edu.mx\/index.php\/wp-json\/wp\/v2\/posts\/2706","targetHints":{"allow":["GET"]}}],"collection":[{"href":"https:\/\/ensy.edu.mx\/index.php\/wp-json\/wp\/v2\/posts"}],"about":[{"href":"https:\/\/ensy.edu.mx\/index.php\/wp-json\/wp\/v2\/types\/post"}],"author":[{"embeddable":true,"href":"https:\/\/ensy.edu.mx\/index.php\/wp-json\/wp\/v2\/users\/1"}],"replies":[{"embeddable":true,"href":"https:\/\/ensy.edu.mx\/index.php\/wp-json\/wp\/v2\/comments?post=2706"}],"version-history":[{"count":1,"href":"https:\/\/ensy.edu.mx\/index.php\/wp-json\/wp\/v2\/posts\/2706\/revisions"}],"predecessor-version":[{"id":2708,"href":"https:\/\/ensy.edu.mx\/index.php\/wp-json\/wp\/v2\/posts\/2706\/revisions\/2708"}],"wp:attachment":[{"href":"https:\/\/ensy.edu.mx\/index.php\/wp-json\/wp\/v2\/media?parent=2706"}],"wp:term":[{"taxonomy":"category","embeddable":true,"href":"https:\/\/ensy.edu.mx\/index.php\/wp-json\/wp\/v2\/categories?post=2706"},{"taxonomy":"post_tag","embeddable":true,"href":"https:\/\/ensy.edu.mx\/index.php\/wp-json\/wp\/v2\/tags?post=2706"}],"curies":[{"name":"wp","href":"https:\/\/api.w.org\/{rel}","templated":true}]}}