{"id":2645,"date":"2026-02-02T13:35:06","date_gmt":"2026-02-02T13:35:06","guid":{"rendered":"https:\/\/ensy.edu.mx\/?p=2645"},"modified":"2026-02-02T13:35:06","modified_gmt":"2026-02-02T13:35:06","slug":"la-escuela-normal-superior-de-yucatan-tuvo-el-privilegio-de-asistir-al-majestuoso-festival-artistico","status":"publish","type":"post","link":"https:\/\/ensy.edu.mx\/index.php\/2026\/02\/02\/la-escuela-normal-superior-de-yucatan-tuvo-el-privilegio-de-asistir-al-majestuoso-festival-artistico\/","title":{"rendered":"La Escuela Normal Superior de Yucat\u00e1n tuvo el privilegio de asistir al majestuoso festival art\u00edstico."},"content":{"rendered":"\n<p>Viernes 30 de enero. Mexicali, B.C . La delegaci\u00f3n acad\u00e9mica de la Escuela Normal Superior de Yucat\u00e1n tuvo el privilegio de asistir al majestuoso festival art\u00edstico con el que el Instituto de Bellas Artes del Estado de Baja California celebr\u00f3 su LX aniversario. Le deseamos larga y fecunda vida a esta instituci\u00f3n hermana con la que mantenemos v\u00ednculos fructiferos de colaboraci\u00f3n y amistad.<\/p>\n\n\n\n<p>ENSY: \u00abAprendiendo hoy para ense\u00f1ar ma\u00f1ana.\u00bb<\/p>\n\n\n\n<figure class=\"wp-block-image size-full\"><img loading=\"lazy\" decoding=\"async\" width=\"877\" height=\"447\" src=\"https:\/\/ensy.edu.mx\/wp-content\/uploads\/2026\/02\/image-8.png\" alt=\"\" class=\"wp-image-2646\" srcset=\"https:\/\/ensy.edu.mx\/wp-content\/uploads\/2026\/02\/image-8.png 877w, https:\/\/ensy.edu.mx\/wp-content\/uploads\/2026\/02\/image-8-300x153.png 300w, https:\/\/ensy.edu.mx\/wp-content\/uploads\/2026\/02\/image-8-768x391.png 768w\" sizes=\"auto, (max-width: 877px) 100vw, 877px\" \/><\/figure>\n\n\n\n<figure class=\"wp-block-image size-full\"><img loading=\"lazy\" decoding=\"async\" width=\"818\" height=\"348\" src=\"https:\/\/ensy.edu.mx\/wp-content\/uploads\/2026\/02\/image-9.png\" alt=\"\" class=\"wp-image-2647\" srcset=\"https:\/\/ensy.edu.mx\/wp-content\/uploads\/2026\/02\/image-9.png 818w, https:\/\/ensy.edu.mx\/wp-content\/uploads\/2026\/02\/image-9-300x128.png 300w, https:\/\/ensy.edu.mx\/wp-content\/uploads\/2026\/02\/image-9-768x327.png 768w\" sizes=\"auto, (max-width: 818px) 100vw, 818px\" \/><\/figure>\n","protected":false},"excerpt":{"rendered":"<p>Viernes 30 de enero. Mexicali, B.C . La delegaci\u00f3n acad\u00e9mica de la Escuela Normal Superior de Yucat\u00e1n tuvo el privilegio de asistir al majestuoso festival art\u00edstico con el que el Instituto de Bellas Artes del Estado de Baja California celebr\u00f3 su LX aniversario. Le deseamos &hellip; <\/p>\n","protected":false},"author":1,"featured_media":0,"comment_status":"open","ping_status":"open","sticky":false,"template":"","format":"standard","meta":{"footnotes":""},"categories":[1],"tags":[],"class_list":["post-2645","post","type-post","status-publish","format-standard","hentry","category-uncategorized"],"_links":{"self":[{"href":"https:\/\/ensy.edu.mx\/index.php\/wp-json\/wp\/v2\/posts\/2645","targetHints":{"allow":["GET"]}}],"collection":[{"href":"https:\/\/ensy.edu.mx\/index.php\/wp-json\/wp\/v2\/posts"}],"about":[{"href":"https:\/\/ensy.edu.mx\/index.php\/wp-json\/wp\/v2\/types\/post"}],"author":[{"embeddable":true,"href":"https:\/\/ensy.edu.mx\/index.php\/wp-json\/wp\/v2\/users\/1"}],"replies":[{"embeddable":true,"href":"https:\/\/ensy.edu.mx\/index.php\/wp-json\/wp\/v2\/comments?post=2645"}],"version-history":[{"count":1,"href":"https:\/\/ensy.edu.mx\/index.php\/wp-json\/wp\/v2\/posts\/2645\/revisions"}],"predecessor-version":[{"id":2648,"href":"https:\/\/ensy.edu.mx\/index.php\/wp-json\/wp\/v2\/posts\/2645\/revisions\/2648"}],"wp:attachment":[{"href":"https:\/\/ensy.edu.mx\/index.php\/wp-json\/wp\/v2\/media?parent=2645"}],"wp:term":[{"taxonomy":"category","embeddable":true,"href":"https:\/\/ensy.edu.mx\/index.php\/wp-json\/wp\/v2\/categories?post=2645"},{"taxonomy":"post_tag","embeddable":true,"href":"https:\/\/ensy.edu.mx\/index.php\/wp-json\/wp\/v2\/tags?post=2645"}],"curies":[{"name":"wp","href":"https:\/\/api.w.org\/{rel}","templated":true}]}}