{"id":1438,"date":"2025-05-17T15:51:25","date_gmt":"2025-05-17T15:51:25","guid":{"rendered":"https:\/\/ensy.edu.mx\/?p=1438"},"modified":"2025-05-17T15:51:26","modified_gmt":"2025-05-17T15:51:26","slug":"ceremonia-de-entrega-del-reconocimiento-como-maestro-distinguido-2025","status":"publish","type":"post","link":"https:\/\/ensy.edu.mx\/index.php\/2025\/05\/17\/ceremonia-de-entrega-del-reconocimiento-como-maestro-distinguido-2025\/","title":{"rendered":"Ceremonia de entrega del reconocimiento como Maestro Distinguido 2025"},"content":{"rendered":"\n<p>Con emoci\u00f3n y alegr\u00eda, acompa\u00f1amos al Secretario de Educaci\u00f3n, Dr. <a href=\"https:\/\/www.facebook.com\/juanenrique.balamvarguez?__cft__[0]=AZWcuKU_-vZAGtw35ebS0ZXGNiiL5btk4t6DWpmK5L2XOzhWatYwZxm0eBC5_3ulBqgdLHmQBA-SrALrdbKAsxMShz9BD1C5mZcsRUA0mFA83qM6WDr8BYz7WhHdXZHJCP4&amp;__tn__=-]K-R\">Juan E. Balam<\/a> , en la ceremonia de entrega del reconocimiento como Maestro Distinguido 2025 a nuestro apreciado colega y amigo Dr. \u00d3scar Alberto Garc\u00eda Solana.<\/p>\n\n\n\n<p>Coordinados por la Directora General de Educaci\u00f3n Superior, Mtra.Mirna <a href=\"https:\/\/www.facebook.com\/mirnaalejandra.manzanillaromero?__cft__[0]=AZWcuKU_-vZAGtw35ebS0ZXGNiiL5btk4t6DWpmK5L2XOzhWatYwZxm0eBC5_3ulBqgdLHmQBA-SrALrdbKAsxMShz9BD1C5mZcsRUA0mFA83qM6WDr8BYz7WhHdXZHJCP4&amp;__tn__=-]K-R\">Mirna Alejandra Manzanilla Romero<\/a> , acudimos los directores y directoras de las escuelas normales, as\u00ed como otros docentes que han recibido este reconocimiento en a\u00f1os anteriores, como Janitzio Dur\u00e1n Castillo, Carlos P\u00e9rez y P\u00e9rez, y <a href=\"https:\/\/www.facebook.com\/rosamaria.padilladiaz.165?__cft__[0]=AZWcuKU_-vZAGtw35ebS0ZXGNiiL5btk4t6DWpmK5L2XOzhWatYwZxm0eBC5_3ulBqgdLHmQBA-SrALrdbKAsxMShz9BD1C5mZcsRUA0mFA83qM6WDr8BYz7WhHdXZHJCP4&amp;__tn__=-]K-R\">Rosa Maria Padilla Diaz<\/a> .<\/p>\n\n\n\n<p>Muy agradecidos con la gentil anfitrion\u00eda del personal y el alumnado de la Benem\u00e9rita y Centenaria Escuela Normal \u00abRodolfo Men\u00e9ndez de la Pe\u00f1a\u00bb, que atinadamente dirige el Mtro. Gabriel Peniche Ferreiro.<\/p>\n\n\n\n<p>Enhorabuena y nuevas felicitaciones para el homenajeado.<\/p>\n\n\n\n<figure class=\"wp-block-gallery has-nested-images columns-default is-cropped wp-block-gallery-1 is-layout-flex wp-block-gallery-is-layout-flex\">\n<figure class=\"wp-block-image size-large\"><img loading=\"lazy\" decoding=\"async\" width=\"752\" height=\"1020\" data-id=\"1439\" src=\"https:\/\/ensy.edu.mx\/wp-content\/uploads\/2025\/05\/dis6.jpg\" alt=\"\" class=\"wp-image-1439\" srcset=\"https:\/\/ensy.edu.mx\/wp-content\/uploads\/2025\/05\/dis6.jpg 752w, https:\/\/ensy.edu.mx\/wp-content\/uploads\/2025\/05\/dis6-221x300.jpg 221w\" sizes=\"auto, (max-width: 752px) 100vw, 752px\" \/><\/figure>\n\n\n\n<figure class=\"wp-block-image size-large\"><img loading=\"lazy\" decoding=\"async\" width=\"1024\" height=\"768\" data-id=\"1442\" src=\"https:\/\/ensy.edu.mx\/wp-content\/uploads\/2025\/05\/dis5-1024x768.jpg\" alt=\"\" class=\"wp-image-1442\" srcset=\"https:\/\/ensy.edu.mx\/wp-content\/uploads\/2025\/05\/dis5-1024x768.jpg 1024w, https:\/\/ensy.edu.mx\/wp-content\/uploads\/2025\/05\/dis5-300x225.jpg 300w, https:\/\/ensy.edu.mx\/wp-content\/uploads\/2025\/05\/dis5-768x576.jpg 768w, https:\/\/ensy.edu.mx\/wp-content\/uploads\/2025\/05\/dis5-1536x1152.jpg 1536w, https:\/\/ensy.edu.mx\/wp-content\/uploads\/2025\/05\/dis5.jpg 2048w\" sizes=\"auto, (max-width: 1024px) 100vw, 1024px\" \/><\/figure>\n\n\n\n<figure class=\"wp-block-image size-large\"><img loading=\"lazy\" decoding=\"async\" width=\"1024\" height=\"768\" data-id=\"1443\" src=\"https:\/\/ensy.edu.mx\/wp-content\/uploads\/2025\/05\/dis4-1024x768.jpg\" alt=\"\" class=\"wp-image-1443\" srcset=\"https:\/\/ensy.edu.mx\/wp-content\/uploads\/2025\/05\/dis4-1024x768.jpg 1024w, https:\/\/ensy.edu.mx\/wp-content\/uploads\/2025\/05\/dis4-300x225.jpg 300w, https:\/\/ensy.edu.mx\/wp-content\/uploads\/2025\/05\/dis4-768x576.jpg 768w, https:\/\/ensy.edu.mx\/wp-content\/uploads\/2025\/05\/dis4-1536x1152.jpg 1536w, https:\/\/ensy.edu.mx\/wp-content\/uploads\/2025\/05\/dis4.jpg 2048w\" sizes=\"auto, (max-width: 1024px) 100vw, 1024px\" \/><\/figure>\n\n\n\n<figure class=\"wp-block-image size-large\"><img loading=\"lazy\" decoding=\"async\" width=\"1008\" height=\"752\" data-id=\"1440\" src=\"https:\/\/ensy.edu.mx\/wp-content\/uploads\/2025\/05\/dis3.jpg\" alt=\"\" class=\"wp-image-1440\" srcset=\"https:\/\/ensy.edu.mx\/wp-content\/uploads\/2025\/05\/dis3.jpg 1008w, https:\/\/ensy.edu.mx\/wp-content\/uploads\/2025\/05\/dis3-300x224.jpg 300w, https:\/\/ensy.edu.mx\/wp-content\/uploads\/2025\/05\/dis3-768x573.jpg 768w\" sizes=\"auto, (max-width: 1008px) 100vw, 1008px\" \/><\/figure>\n\n\n\n<figure class=\"wp-block-image size-large\"><img loading=\"lazy\" decoding=\"async\" width=\"1024\" height=\"445\" data-id=\"1444\" src=\"https:\/\/ensy.edu.mx\/wp-content\/uploads\/2025\/05\/dis2-1024x445.jpg\" alt=\"\" class=\"wp-image-1444\" srcset=\"https:\/\/ensy.edu.mx\/wp-content\/uploads\/2025\/05\/dis2-1024x445.jpg 1024w, https:\/\/ensy.edu.mx\/wp-content\/uploads\/2025\/05\/dis2-300x130.jpg 300w, https:\/\/ensy.edu.mx\/wp-content\/uploads\/2025\/05\/dis2-768x334.jpg 768w, https:\/\/ensy.edu.mx\/wp-content\/uploads\/2025\/05\/dis2-1536x668.jpg 1536w, https:\/\/ensy.edu.mx\/wp-content\/uploads\/2025\/05\/dis2-2048x890.jpg 2048w\" sizes=\"auto, (max-width: 1024px) 100vw, 1024px\" \/><\/figure>\n\n\n\n<figure class=\"wp-block-image size-large\"><img loading=\"lazy\" decoding=\"async\" width=\"1024\" height=\"521\" data-id=\"1441\" src=\"https:\/\/ensy.edu.mx\/wp-content\/uploads\/2025\/05\/dis1-1024x521.jpg\" alt=\"\" class=\"wp-image-1441\" srcset=\"https:\/\/ensy.edu.mx\/wp-content\/uploads\/2025\/05\/dis1-1024x521.jpg 1024w, https:\/\/ensy.edu.mx\/wp-content\/uploads\/2025\/05\/dis1-300x153.jpg 300w, https:\/\/ensy.edu.mx\/wp-content\/uploads\/2025\/05\/dis1-768x391.jpg 768w, https:\/\/ensy.edu.mx\/wp-content\/uploads\/2025\/05\/dis1-1536x782.jpg 1536w, https:\/\/ensy.edu.mx\/wp-content\/uploads\/2025\/05\/dis1.jpg 2048w\" sizes=\"auto, (max-width: 1024px) 100vw, 1024px\" \/><\/figure>\n<\/figure>\n","protected":false},"excerpt":{"rendered":"<p>Con emoci\u00f3n y alegr\u00eda, acompa\u00f1amos al Secretario de Educaci\u00f3n, Dr. Juan E. Balam , en la ceremonia de entrega del reconocimiento como Maestro Distinguido 2025 a nuestro apreciado colega y amigo Dr. \u00d3scar Alberto Garc\u00eda Solana. Coordinados por la Directora General de Educaci\u00f3n Superior, Mtra.Mirna &hellip; <\/p>\n","protected":false},"author":1,"featured_media":0,"comment_status":"open","ping_status":"open","sticky":false,"template":"","format":"standard","meta":{"footnotes":""},"categories":[1],"tags":[],"class_list":["post-1438","post","type-post","status-publish","format-standard","hentry","category-uncategorized"],"_links":{"self":[{"href":"https:\/\/ensy.edu.mx\/index.php\/wp-json\/wp\/v2\/posts\/1438","targetHints":{"allow":["GET"]}}],"collection":[{"href":"https:\/\/ensy.edu.mx\/index.php\/wp-json\/wp\/v2\/posts"}],"about":[{"href":"https:\/\/ensy.edu.mx\/index.php\/wp-json\/wp\/v2\/types\/post"}],"author":[{"embeddable":true,"href":"https:\/\/ensy.edu.mx\/index.php\/wp-json\/wp\/v2\/users\/1"}],"replies":[{"embeddable":true,"href":"https:\/\/ensy.edu.mx\/index.php\/wp-json\/wp\/v2\/comments?post=1438"}],"version-history":[{"count":1,"href":"https:\/\/ensy.edu.mx\/index.php\/wp-json\/wp\/v2\/posts\/1438\/revisions"}],"predecessor-version":[{"id":1445,"href":"https:\/\/ensy.edu.mx\/index.php\/wp-json\/wp\/v2\/posts\/1438\/revisions\/1445"}],"wp:attachment":[{"href":"https:\/\/ensy.edu.mx\/index.php\/wp-json\/wp\/v2\/media?parent=1438"}],"wp:term":[{"taxonomy":"category","embeddable":true,"href":"https:\/\/ensy.edu.mx\/index.php\/wp-json\/wp\/v2\/categories?post=1438"},{"taxonomy":"post_tag","embeddable":true,"href":"https:\/\/ensy.edu.mx\/index.php\/wp-json\/wp\/v2\/tags?post=1438"}],"curies":[{"name":"wp","href":"https:\/\/api.w.org\/{rel}","templated":true}]}}