{"id":1421,"date":"2025-05-13T12:01:31","date_gmt":"2025-05-13T12:01:31","guid":{"rendered":"https:\/\/ensy.edu.mx\/?p=1421"},"modified":"2025-05-13T12:09:03","modified_gmt":"2025-05-13T12:09:03","slug":"intensa-actividad-en-la-escuela-normal-superior-de-yucatan","status":"publish","type":"post","link":"https:\/\/ensy.edu.mx\/index.php\/2025\/05\/13\/intensa-actividad-en-la-escuela-normal-superior-de-yucatan\/","title":{"rendered":"Intensa actividad en la Escuela Normal Superior de Yucat\u00e1n."},"content":{"rendered":"\n<p>. Aumenta el entusiasmo por la pr\u00f3xima Carrera Normalista, a realizarse el s\u00e1bado 24 de mayo.<\/p>\n\n\n\n<p>Tambi\u00e9n nos reunimos con las y los estudiantes que fueron distinguidos con la honra de acompa\u00f1ar a los maestros y maestras que recibir\u00e1n medallas y reconocimientos por sus a\u00f1os de servicios, en una magna ceremonia que presidir\u00e1 el gobernador <a href=\"https:\/\/www.facebook.com\/huachodiazmena?__cft__[0]=AZU_i3YSCCWhVwE-9mj0PwStALzNLuZgyn00GZgMEu07Yrfi6GEqBZmlTkFyLsPAxqFeRQvxhyYY9k4Eris3lYiHDD-rHkGmq_lG4TLDhEOkSyqwZI1qTfRpZmKL_46yZU8&amp;__tn__=-]K-R\">Huacho D\u00edaz Mena<\/a> el mi\u00e9rcoles 14 de mayo.<\/p>\n\n\n\n<p>ENSY: \u00abAprendiendo hoy para ense\u00f1ar ma\u00f1ana.\u00bb<\/p>\n\n\n\n<figure class=\"wp-block-image size-large\"><img loading=\"lazy\" decoding=\"async\" width=\"724\" height=\"1024\" src=\"https:\/\/ensy.edu.mx\/wp-content\/uploads\/2025\/05\/image-4-724x1024.png\" alt=\"\" class=\"wp-image-1426\" srcset=\"https:\/\/ensy.edu.mx\/wp-content\/uploads\/2025\/05\/image-4-724x1024.png 724w, https:\/\/ensy.edu.mx\/wp-content\/uploads\/2025\/05\/image-4-212x300.png 212w, https:\/\/ensy.edu.mx\/wp-content\/uploads\/2025\/05\/image-4.png 768w\" sizes=\"auto, (max-width: 724px) 100vw, 724px\" \/><\/figure>\n\n\n\n<figure class=\"wp-block-image size-large\"><img loading=\"lazy\" decoding=\"async\" width=\"1024\" height=\"768\" src=\"https:\/\/ensy.edu.mx\/wp-content\/uploads\/2025\/05\/image-3-1024x768.png\" alt=\"\" class=\"wp-image-1422\" srcset=\"https:\/\/ensy.edu.mx\/wp-content\/uploads\/2025\/05\/image-3-1024x768.png 1024w, https:\/\/ensy.edu.mx\/wp-content\/uploads\/2025\/05\/image-3-300x225.png 300w, https:\/\/ensy.edu.mx\/wp-content\/uploads\/2025\/05\/image-3-768x576.png 768w, https:\/\/ensy.edu.mx\/wp-content\/uploads\/2025\/05\/image-3-1536x1152.png 1536w, https:\/\/ensy.edu.mx\/wp-content\/uploads\/2025\/05\/image-3.png 2048w\" sizes=\"auto, (max-width: 1024px) 100vw, 1024px\" \/><\/figure>\n","protected":false},"excerpt":{"rendered":"<p>. Aumenta el entusiasmo por la pr\u00f3xima Carrera Normalista, a realizarse el s\u00e1bado 24 de mayo. Tambi\u00e9n nos reunimos con las y los estudiantes que fueron distinguidos con la honra de acompa\u00f1ar a los maestros y maestras que recibir\u00e1n medallas y reconocimientos por sus a\u00f1os &hellip; <\/p>\n","protected":false},"author":1,"featured_media":0,"comment_status":"open","ping_status":"open","sticky":false,"template":"","format":"standard","meta":{"footnotes":""},"categories":[1],"tags":[],"class_list":["post-1421","post","type-post","status-publish","format-standard","hentry","category-uncategorized"],"_links":{"self":[{"href":"https:\/\/ensy.edu.mx\/index.php\/wp-json\/wp\/v2\/posts\/1421","targetHints":{"allow":["GET"]}}],"collection":[{"href":"https:\/\/ensy.edu.mx\/index.php\/wp-json\/wp\/v2\/posts"}],"about":[{"href":"https:\/\/ensy.edu.mx\/index.php\/wp-json\/wp\/v2\/types\/post"}],"author":[{"embeddable":true,"href":"https:\/\/ensy.edu.mx\/index.php\/wp-json\/wp\/v2\/users\/1"}],"replies":[{"embeddable":true,"href":"https:\/\/ensy.edu.mx\/index.php\/wp-json\/wp\/v2\/comments?post=1421"}],"version-history":[{"count":3,"href":"https:\/\/ensy.edu.mx\/index.php\/wp-json\/wp\/v2\/posts\/1421\/revisions"}],"predecessor-version":[{"id":1427,"href":"https:\/\/ensy.edu.mx\/index.php\/wp-json\/wp\/v2\/posts\/1421\/revisions\/1427"}],"wp:attachment":[{"href":"https:\/\/ensy.edu.mx\/index.php\/wp-json\/wp\/v2\/media?parent=1421"}],"wp:term":[{"taxonomy":"category","embeddable":true,"href":"https:\/\/ensy.edu.mx\/index.php\/wp-json\/wp\/v2\/categories?post=1421"},{"taxonomy":"post_tag","embeddable":true,"href":"https:\/\/ensy.edu.mx\/index.php\/wp-json\/wp\/v2\/tags?post=1421"}],"curies":[{"name":"wp","href":"https:\/\/api.w.org\/{rel}","templated":true}]}}