{"id":1398,"date":"2025-05-09T22:13:02","date_gmt":"2025-05-09T22:13:02","guid":{"rendered":"https:\/\/ensy.edu.mx\/?p=1398"},"modified":"2025-05-09T22:13:02","modified_gmt":"2025-05-09T22:13:02","slug":"la-ensy-prepara-la-edicion-11-de-la-carrera-normalista","status":"publish","type":"post","link":"https:\/\/ensy.edu.mx\/index.php\/2025\/05\/09\/la-ensy-prepara-la-edicion-11-de-la-carrera-normalista\/","title":{"rendered":"La ENSY prepara la edici\u00f3n 11 de la Carrera Normalista"},"content":{"rendered":"\n<figure class=\"wp-block-image size-full is-resized\"><img loading=\"lazy\" decoding=\"async\" width=\"400\" height=\"210\" src=\"https:\/\/ensy.edu.mx\/wp-content\/uploads\/2025\/05\/image-2.png\" alt=\"\" class=\"wp-image-1399\" style=\"width:625px;height:auto\" srcset=\"https:\/\/ensy.edu.mx\/wp-content\/uploads\/2025\/05\/image-2.png 400w, https:\/\/ensy.edu.mx\/wp-content\/uploads\/2025\/05\/image-2-300x158.png 300w\" sizes=\"auto, (max-width: 400px) 100vw, 400px\" \/><\/figure>\n\n\n\n<p>El domingo 24 de mayo pr\u00f3ximo tendr\u00e1 lugar la und\u00e9cima edici\u00f3n de la Carrera Normalista, que organiza la Escuela Normal Superior de Yucat\u00e1n \u201cProfesor Antonio Betancourt P\u00e9rez\u201d.<\/p>\n\n\n\n<p>La ENSY inform\u00f3 ayer, en una rueda de prensa en sus instalaciones del Fracc. Yucalpet\u00e9n, que ya cuenta con 400 inscritos. \u201cEsta carrera ya es parte de la identidad de la ENSY, cada a\u00f1o la organizan los estudiantes de cuarto semestre de la Licenciatura en Educaci\u00f3n F\u00edsica con apoyo de su coordinador\u201d, coment\u00f3 el maestro Freddy Espadas Sosa, director de la instituci\u00f3n, a quien acompa\u00f1\u00f3 la profesora M\u00edriam Canul Cob, presidenta de la Asociaci\u00f3n Yucateca de Atletismo.<\/p>\n\n\n\n<p>El balazo de salida se dar\u00e1 en punto de las 6:30 de la ma\u00f1ana con un recorrido de cinco kil\u00f3metros para la carrera y tres kil\u00f3metros en la caminata recreativa, con salida y meta en la calle 118 por 71 de Yucalpet\u00e9n.<\/p>\n\n\n\n<p>Se abrir\u00e1n las categor\u00edas libre (\u00fanica) y estudiantes, tanto en la rama varonil como en la femenil, y las inscripciones est\u00e1n abiertas, con un costo de 100 pesos, con derecho a n\u00famero de participaci\u00f3n. Habr\u00e1 premiaci\u00f3n monetaria de manera simb\u00f3lica para los tres primeros lugares en cruzar la meta, con 500 pesos al primer lugar, 300 al segundo y 200 al tercero en ambas y ramas, y se pondr\u00e1 a la venta por 200 pesos una playera conmemorativa del evento.<\/p>\n\n\n\n<p>Fundada en 1971, la Normal Superior de Yucat\u00e1n organizar\u00e1 igual una serie de eventos infantiles y despu\u00e9s se realizar\u00e1 un concierto con alumnos del taller de jazz, m\u00fasica y canto, y se concluir\u00e1 con torneos internos de f\u00fatbol, b\u00e1squetbol y v\u00f3leibol.<\/p>\n\n\n\n<p>Fundada en 1971, la Escuela Normal Superior de Yucat\u00e1n el m\u00e1s antiguo y tradicional centro de formaci\u00f3n para profesores de secundaria en Yucat\u00e1n.<\/p>\n\n\n\n<h3 class=\"wp-block-heading\"><\/h3>\n\n\n\n<p><a href=\"https:\/\/www.yucatan.com.mx\/deportes\/2023\/06\/17\/tendra-la-ensy-su-carrera-412547.html?relatedposts_hit=1&amp;relatedposts_origin=2322262&amp;relatedposts_position=0&amp;relatedposts_hit=1&amp;relatedposts_origin=2322262&amp;relatedposts_position=0&amp;relatedposts_hit=1&amp;relatedposts_origin=2322262&amp;relatedposts_position=0&amp;relatedposts_hit=1&amp;relatedposts_origin=2322262&amp;relatedposts_position=0&amp;relatedposts_hit=1&amp;relatedposts_origin=2322262&amp;relatedposts_position=0&amp;relatedposts_hit=1&amp;relatedposts_origin=2322262&amp;relatedposts_position=0&amp;relatedposts_hit=1&amp;relatedposts_origin=2322262&amp;relatedposts_position=0\"><\/a><\/p>\n","protected":false},"excerpt":{"rendered":"<p>El domingo 24 de mayo pr\u00f3ximo tendr\u00e1 lugar la und\u00e9cima edici\u00f3n de la Carrera Normalista, que organiza la Escuela Normal Superior de Yucat\u00e1n \u201cProfesor Antonio Betancourt P\u00e9rez\u201d. La ENSY inform\u00f3 ayer, en una rueda de prensa en sus instalaciones del Fracc. Yucalpet\u00e9n, que ya cuenta &hellip; <\/p>\n","protected":false},"author":1,"featured_media":0,"comment_status":"open","ping_status":"open","sticky":false,"template":"","format":"standard","meta":{"footnotes":""},"categories":[1],"tags":[],"class_list":["post-1398","post","type-post","status-publish","format-standard","hentry","category-uncategorized"],"_links":{"self":[{"href":"https:\/\/ensy.edu.mx\/index.php\/wp-json\/wp\/v2\/posts\/1398","targetHints":{"allow":["GET"]}}],"collection":[{"href":"https:\/\/ensy.edu.mx\/index.php\/wp-json\/wp\/v2\/posts"}],"about":[{"href":"https:\/\/ensy.edu.mx\/index.php\/wp-json\/wp\/v2\/types\/post"}],"author":[{"embeddable":true,"href":"https:\/\/ensy.edu.mx\/index.php\/wp-json\/wp\/v2\/users\/1"}],"replies":[{"embeddable":true,"href":"https:\/\/ensy.edu.mx\/index.php\/wp-json\/wp\/v2\/comments?post=1398"}],"version-history":[{"count":1,"href":"https:\/\/ensy.edu.mx\/index.php\/wp-json\/wp\/v2\/posts\/1398\/revisions"}],"predecessor-version":[{"id":1400,"href":"https:\/\/ensy.edu.mx\/index.php\/wp-json\/wp\/v2\/posts\/1398\/revisions\/1400"}],"wp:attachment":[{"href":"https:\/\/ensy.edu.mx\/index.php\/wp-json\/wp\/v2\/media?parent=1398"}],"wp:term":[{"taxonomy":"category","embeddable":true,"href":"https:\/\/ensy.edu.mx\/index.php\/wp-json\/wp\/v2\/categories?post=1398"},{"taxonomy":"post_tag","embeddable":true,"href":"https:\/\/ensy.edu.mx\/index.php\/wp-json\/wp\/v2\/tags?post=1398"}],"curies":[{"name":"wp","href":"https:\/\/api.w.org\/{rel}","templated":true}]}}